{"id":8167,"date":"2025-01-20T00:08:51","date_gmt":"2025-01-20T05:08:51","guid":{"rendered":"https:\/\/cartagenaaldia.com\/?p=8167"},"modified":"2025-01-20T00:08:51","modified_gmt":"2025-01-20T05:08:51","slug":"caimanes-forzo-el-septimo-juego-tras-contundente-victoria-sobre-vaqueros","status":"publish","type":"post","link":"https:\/\/cartagenaaldia.com\/index.php\/2025\/01\/20\/caimanes-forzo-el-septimo-juego-tras-contundente-victoria-sobre-vaqueros\/","title":{"rendered":"Caimanes forz\u00f3 el s\u00e9ptimo juego tras contundente victoria sobre Vaqueros"},"content":{"rendered":"\n<p>La Serie Final del b\u00e9isbol profesional colombiano <strong>tendr\u00e1 un emocionante s\u00e9ptimo y decisivo juego<\/strong>, luego de que <strong>Caimanes de Barranquilla venciera 11-3 a Vaqueros de Monter\u00eda<\/strong> en el sexto partido disputado en el <strong>Estadio \u00c9dgar Renter\u00eda<\/strong>. Con este resultado, la serie qued\u00f3 igualada 3-3 y todo se definir\u00e1 este lunes en la capital del Atl\u00e1ntico.<\/p>\n\n\n\n<h3 class=\"wp-block-heading\"><strong>Caimanes tom\u00f3 el control del partido desde temprano<\/strong><\/h3>\n\n\n\n<p>Vaqueros <strong>peg\u00f3 primero en el marcador<\/strong> al aprovechar un error del segunda base barranquillero en el primer episodio. <strong>Day\u00e1n Fr\u00edas anot\u00f3 la carrera inaugural<\/strong> luego de un tiro errado tras el contacto de <strong>Jes\u00fas Valdez<\/strong>, pero la alegr\u00eda monteriana dur\u00f3 poco, pues Caimanes <strong>respondi\u00f3 de inmediato<\/strong>.<\/p>\n\n\n\n<p>En la parte baja del segundo inning, los barranquilleros <strong>tomaron el mando del juego con un rally de cuatro carreras<\/strong>, impulsadas por una combinaci\u00f3n de batazos oportunos y errores defensivos de Vaqueros.<\/p>\n\n\n\n<p>Los locales <strong>siguieron ampliando la ventaja<\/strong> con dos anotaciones m\u00e1s en la cuarta entrada y una ofensiva explosiva en el s\u00e9ptimo episodio, donde <strong>sumaron tres rayitas adicionales<\/strong> para pr\u00e1cticamente sentenciar el encuentro.<\/p>\n\n\n\n<p>Por su parte, <strong>Vaqueros intent\u00f3 reaccionar en el tercer inning<\/strong>, con un <strong>doble de Brayan Buelvas<\/strong> que remolc\u00f3 a <strong>Gustavo Campero<\/strong> y un sencillo de <strong>Jes\u00fas Valdez<\/strong> que permiti\u00f3 la anotaci\u00f3n de <strong>&#8220;La Perla&#8221;<\/strong>, pero <strong>no fue suficiente<\/strong> para detener el ataque de Caimanes.<\/p>\n\n\n\n<h3 class=\"wp-block-heading\"><strong>Caimanes busca su t\u00edtulo n\u00famero 14, Vaqueros quiere su tercer campeonato<\/strong><\/h3>\n\n\n\n<p>Con la serie empatada 3-3, <strong>todo se definir\u00e1 este lunes en un s\u00e9ptimo juego de infarto<\/strong>, que se jugar\u00e1 nuevamente en el <strong>Estadio \u00c9dgar Renter\u00eda de Barranquilla<\/strong> a partir de las <strong>7:00 p.m.<\/strong><\/p>\n\n\n\n<p>El ganador no solo se coronar\u00e1 <strong>campe\u00f3n de la Liga Profesional de B\u00e9isbol Colombiano 2024-2025<\/strong>, sino que <strong>obtendr\u00e1 el derecho de representar a Colombia en la primera edici\u00f3n de la Serie de las Am\u00e9ricas<\/strong>, un torneo internacional que reunir\u00e1 a los campeones de las ligas invernales del Caribe.<\/p>\n\n\n\n<h3 class=\"wp-block-heading\"><strong>Expectativa m\u00e1xima para el juego definitivo<\/strong><\/h3>\n\n\n\n<p>Ambos equipos han demostrado <strong>su poder ofensivo y profundidad en el pitcheo<\/strong> a lo largo de la serie, por lo que se espera un partido muy disputado. Caimanes, el equipo m\u00e1s laureado del b\u00e9isbol colombiano con <strong>13 t\u00edtulos<\/strong>, buscar\u00e1 ampliar su legado, mientras que Vaqueros intentar\u00e1 <strong>levantar su tercer trofeo<\/strong> y consolidarse como una potencia en la liga.<\/p>\n\n\n\n<p>Los fan\u00e1ticos del b\u00e9isbol colombiano <strong>se preparan para un lunes de grandes emociones<\/strong>, en un duelo que definir\u00e1 <strong>al nuevo monarca del b\u00e9isbol profesional colombiano<\/strong> y el pr\u00f3ximo representante del pa\u00eds en el escenario internacional.<\/p>\n","protected":false},"excerpt":{"rendered":"<p>La novena barranquillera se impuso 11-3 y la Serie Final se definir\u00e1 este lunes<\/p>\n","protected":false},"author":2,"featured_media":8169,"comment_status":"closed","ping_status":"closed","sticky":false,"template":"","format":"standard","meta":{"om_disable_all_campaigns":false,"_monsterinsights_skip_tracking":false,"_monsterinsights_sitenote_active":false,"_monsterinsights_sitenote_note":"","_monsterinsights_sitenote_category":0,"footnotes":""},"categories":[106,102],"tags":[326,322,327],"class_list":["post-8167","post","type-post","status-publish","format-standard","has-post-thumbnail","hentry","category-deporte","category-generales","tag-caimanes-de-barranquilla","tag-lpbc","tag-vaqueros-de-monteria"],"_links":{"self":[{"href":"https:\/\/cartagenaaldia.com\/index.php\/wp-json\/wp\/v2\/posts\/8167","targetHints":{"allow":["GET"]}}],"collection":[{"href":"https:\/\/cartagenaaldia.com\/index.php\/wp-json\/wp\/v2\/posts"}],"about":[{"href":"https:\/\/cartagenaaldia.com\/index.php\/wp-json\/wp\/v2\/types\/post"}],"author":[{"embeddable":true,"href":"https:\/\/cartagenaaldia.com\/index.php\/wp-json\/wp\/v2\/users\/2"}],"replies":[{"embeddable":true,"href":"https:\/\/cartagenaaldia.com\/index.php\/wp-json\/wp\/v2\/comments?post=8167"}],"version-history":[{"count":1,"href":"https:\/\/cartagenaaldia.com\/index.php\/wp-json\/wp\/v2\/posts\/8167\/revisions"}],"predecessor-version":[{"id":8168,"href":"https:\/\/cartagenaaldia.com\/index.php\/wp-json\/wp\/v2\/posts\/8167\/revisions\/8168"}],"wp:featuredmedia":[{"embeddable":true,"href":"https:\/\/cartagenaaldia.com\/index.php\/wp-json\/wp\/v2\/media\/8169"}],"wp:attachment":[{"href":"https:\/\/cartagenaaldia.com\/index.php\/wp-json\/wp\/v2\/media?parent=8167"}],"wp:term":[{"taxonomy":"category","embeddable":true,"href":"https:\/\/cartagenaaldia.com\/index.php\/wp-json\/wp\/v2\/categories?post=8167"},{"taxonomy":"post_tag","embeddable":true,"href":"https:\/\/cartagenaaldia.com\/index.php\/wp-json\/wp\/v2\/tags?post=8167"}],"curies":[{"name":"wp","href":"https:\/\/api.w.org\/{rel}","templated":true}]}}