{"id":8113,"date":"2025-01-15T00:45:10","date_gmt":"2025-01-15T05:45:10","guid":{"rendered":"https:\/\/cartagenaaldia.com\/?p=8113"},"modified":"2025-01-15T00:45:10","modified_gmt":"2025-01-15T05:45:10","slug":"grupo-puerto-de-cartagena-lidera-america-latina-con-37-millones-de-teu-movilizados","status":"publish","type":"post","link":"https:\/\/cartagenaaldia.com\/index.php\/2025\/01\/15\/grupo-puerto-de-cartagena-lidera-america-latina-con-37-millones-de-teu-movilizados\/","title":{"rendered":"Grupo Puerto de Cartagena lidera Am\u00e9rica Latina con 3,7 millones de TEU movilizados"},"content":{"rendered":"\n<p><strong>Sala Redacci\u00f3n (IA). &#8211;<\/strong> El <strong>Grupo Puerto de Cartagena (GPC)<\/strong> cerr\u00f3 el 2024 con un logro hist\u00f3rico al movilizar <strong>3,702,044 TEU<\/strong> (unidades equivalentes a contenedores de 20 pies), consolid\u00e1ndose como la principal plataforma log\u00edstica y portuaria de Am\u00e9rica Latina y el Caribe. Este resultado representa un crecimiento del <strong>12,1%<\/strong> frente a la carga movilizada en 2023, un r\u00e9cord que reafirma la posici\u00f3n de liderazgo de la empresa seg\u00fan estudios de la <strong>Comisi\u00f3n Econ\u00f3mica para Am\u00e9rica Latina y el Caribe (CEPAL)<\/strong>.<\/p>\n\n\n\n<h3 class=\"wp-block-heading\"><strong>Un impulso a la competitividad de Colombia<\/strong><\/h3>\n\n\n\n<p>Este hito no solo destaca la capacidad operativa del GPC, sino tambi\u00e9n la importancia estrat\u00e9gica de Colombia en el comercio internacional. Con terminales de clase mundial, el grupo proporciona servicios log\u00edsticos que conectan a importadores y exportadores nacionales con mercados internacionales, impulsando la econom\u00eda del pa\u00eds.<\/p>\n\n\n\n<p>\u201cTrabajamos por Colombia, prestando un servicio de calidad, conect\u00e1ndolo mejor, siendo eficientes, sostenibles y competitivos. Las cifras de 2024 demuestran que nuestra infraestructura portuaria est\u00e1 a la altura de los grandes jugadores del comercio global\u201d, afirm\u00f3 <strong>Alfonso Salas Trujillo<\/strong>, gerente del GPC.<\/p>\n\n\n\n<h3 class=\"wp-block-heading\"><strong>Conectividad global y desarrollo econ\u00f3mico<\/strong><\/h3>\n\n\n\n<p>El puerto de Cartagena, reconocido por su eficiencia y conectividad, es un pilar para diversificar la oferta exportadora de Colombia. Este nivel de conectividad permite a los productores colombianos acceder a mercados m\u00e1s competitivos, fortaleciendo el comercio exterior y promoviendo la generaci\u00f3n de empleo.<\/p>\n\n\n\n<p>El GPC destaca como un facilitador clave para que el pa\u00eds incremente la producci\u00f3n de bienes exportables, lo que a su vez impulsa el crecimiento econ\u00f3mico y promueve el progreso a nivel local y nacional.<\/p>\n\n\n\n<h3 class=\"wp-block-heading\"><strong>Beneficios para Cartagena y el pa\u00eds<\/strong><\/h3>\n\n\n\n<p>La presencia de un puerto de clase mundial en Cartagena trae consigo m\u00faltiples beneficios:<\/p>\n\n\n\n<ul class=\"wp-block-list\">\n<li><strong>Generaci\u00f3n de empleo:<\/strong> Miles de empleos directos e indirectos impulsan la econom\u00eda local.<\/li>\n\n\n\n<li><strong>Encadenamientos productivos:<\/strong> La actividad portuaria estimula sectores como transporte, log\u00edstica, servicios y manufactura.<\/li>\n\n\n\n<li><strong>Posicionamiento estrat\u00e9gico:<\/strong> Colombia se reafirma como un hub clave en el comercio global, atrayendo inversiones y fortaleciendo relaciones comerciales internacionales.<\/li>\n<\/ul>\n\n\n\n<h3 class=\"wp-block-heading\"><strong>Compromiso con la sostenibilidad y el progreso<\/strong><\/h3>\n\n\n\n<p>El Grupo Puerto de Cartagena no solo trabaja para mover contenedores, sino tambi\u00e9n para hacerlo de manera sostenible. Este compromiso incluye pr\u00e1cticas eficientes en el manejo de recursos y programas orientados a minimizar el impacto ambiental.<\/p>\n\n\n\n<p>Con el r\u00e9cord alcanzado en 2024, el GPC se posiciona como un motor de desarrollo y competitividad para Colombia. La empresa sigue comprometida con apoyar un comercio exterior saludable y generador de oportunidades para todos los colombianos.<\/p>\n\n\n\n<p>\u201cEste es un claro ejemplo de c\u00f3mo la infraestructura moderna y el trabajo coordinado pueden posicionar a Colombia como un l\u00edder regional, atrayendo comercio e inversi\u00f3n y mejorando la calidad de vida de su gente\u201d, concluy\u00f3 Salas Trujillo.<\/p>\n","protected":false},"excerpt":{"rendered":"<p>La empresa registr\u00f3 un crecimiento del 12,1% en 2024, consolid\u00e1ndose como l\u00edder en competitividad portuaria<\/p>\n","protected":false},"author":2,"featured_media":8115,"comment_status":"closed","ping_status":"closed","sticky":false,"template":"","format":"standard","meta":{"om_disable_all_campaigns":false,"_monsterinsights_skip_tracking":false,"_monsterinsights_sitenote_active":false,"_monsterinsights_sitenote_note":"","_monsterinsights_sitenote_category":0,"footnotes":""},"categories":[103,102],"tags":[305,345,306,378,304],"class_list":["post-8113","post","type-post","status-publish","format-standard","has-post-thumbnail","hentry","category-economia","category-generales","tag-contecar","tag-gpc","tag-grupo-puerto-cartagena","tag-sociedad-portuaria-regional-cartagena","tag-sprc"],"_links":{"self":[{"href":"https:\/\/cartagenaaldia.com\/index.php\/wp-json\/wp\/v2\/posts\/8113","targetHints":{"allow":["GET"]}}],"collection":[{"href":"https:\/\/cartagenaaldia.com\/index.php\/wp-json\/wp\/v2\/posts"}],"about":[{"href":"https:\/\/cartagenaaldia.com\/index.php\/wp-json\/wp\/v2\/types\/post"}],"author":[{"embeddable":true,"href":"https:\/\/cartagenaaldia.com\/index.php\/wp-json\/wp\/v2\/users\/2"}],"replies":[{"embeddable":true,"href":"https:\/\/cartagenaaldia.com\/index.php\/wp-json\/wp\/v2\/comments?post=8113"}],"version-history":[{"count":1,"href":"https:\/\/cartagenaaldia.com\/index.php\/wp-json\/wp\/v2\/posts\/8113\/revisions"}],"predecessor-version":[{"id":8114,"href":"https:\/\/cartagenaaldia.com\/index.php\/wp-json\/wp\/v2\/posts\/8113\/revisions\/8114"}],"wp:featuredmedia":[{"embeddable":true,"href":"https:\/\/cartagenaaldia.com\/index.php\/wp-json\/wp\/v2\/media\/8115"}],"wp:attachment":[{"href":"https:\/\/cartagenaaldia.com\/index.php\/wp-json\/wp\/v2\/media?parent=8113"}],"wp:term":[{"taxonomy":"category","embeddable":true,"href":"https:\/\/cartagenaaldia.com\/index.php\/wp-json\/wp\/v2\/categories?post=8113"},{"taxonomy":"post_tag","embeddable":true,"href":"https:\/\/cartagenaaldia.com\/index.php\/wp-json\/wp\/v2\/tags?post=8113"}],"curies":[{"name":"wp","href":"https:\/\/api.w.org\/{rel}","templated":true}]}}