{"id":7992,"date":"2025-01-05T10:10:45","date_gmt":"2025-01-05T15:10:45","guid":{"rendered":"https:\/\/cartagenaaldia.com\/?p=7992"},"modified":"2025-01-05T10:10:46","modified_gmt":"2025-01-05T15:10:46","slug":"policia-de-cartagena-captura-a-presunto-delincuente-armado-en-el-pozon","status":"publish","type":"post","link":"https:\/\/cartagenaaldia.com\/index.php\/2025\/01\/05\/policia-de-cartagena-captura-a-presunto-delincuente-armado-en-el-pozon\/","title":{"rendered":"Polic\u00eda de Cartagena captura a presunto delincuente armado en El Poz\u00f3n"},"content":{"rendered":"\n<p>La Polic\u00eda Metropolitana de Cartagena inform\u00f3 sobre la captura de un sujeto conocido como &#8220;el Ma\u00f1e&#8221; en el sector Los Lagos del barrio El Poz\u00f3n, en el marco de un operativo de control contra el hurto.<\/p>\n\n\n\n<h3 class=\"wp-block-heading\"><strong>Detalles del operativo<\/strong><\/h3>\n\n\n\n<p>Los uniformados, durante labores de patrullaje y vigilancia, interceptaron al sospechoso y le practicaron un registro, encontrando en su poder un arma de fuego hechiza tipo chang\u00f3n. Seg\u00fan las autoridades, el arma era presuntamente utilizada para cometer robos en la zona.<\/p>\n\n\n\n<p>El detenido, un joven de 21 a\u00f1os originario de Magangu\u00e9, cuenta con antecedentes judiciales por hurto y tr\u00e1fico de estupefacientes.<\/p>\n\n\n\n<h3 class=\"wp-block-heading\"><strong>Proceso judicial<\/strong><\/h3>\n\n\n\n<p>Tras la captura, el individuo y el arma incautada fueron puestos a disposici\u00f3n de la Fiscal\u00eda General de la Naci\u00f3n por el delito de porte ilegal de armas. Actualmente, el sospechoso se encuentra a la espera de las audiencias preliminares para definir su situaci\u00f3n legal.<\/p>\n","protected":false},"excerpt":{"rendered":"<p>La Polic\u00eda Metropolitana de Cartagena inform\u00f3 sobre la captura de un sujeto conocido como &#8220;el Ma\u00f1e&#8221; en el sector Los Lagos del barrio El Poz\u00f3n<\/p>\n","protected":false},"author":2,"featured_media":7994,"comment_status":"closed","ping_status":"closed","sticky":false,"template":"","format":"standard","meta":{"om_disable_all_campaigns":false,"_monsterinsights_skip_tracking":false,"_monsterinsights_sitenote_active":false,"_monsterinsights_sitenote_note":"","_monsterinsights_sitenote_category":0,"footnotes":""},"categories":[102,111],"tags":[216,192],"class_list":["post-7992","post","type-post","status-publish","format-standard","has-post-thumbnail","hentry","category-generales","category-justicia","tag-policia-nacional","tag-polmecar"],"_links":{"self":[{"href":"https:\/\/cartagenaaldia.com\/index.php\/wp-json\/wp\/v2\/posts\/7992","targetHints":{"allow":["GET"]}}],"collection":[{"href":"https:\/\/cartagenaaldia.com\/index.php\/wp-json\/wp\/v2\/posts"}],"about":[{"href":"https:\/\/cartagenaaldia.com\/index.php\/wp-json\/wp\/v2\/types\/post"}],"author":[{"embeddable":true,"href":"https:\/\/cartagenaaldia.com\/index.php\/wp-json\/wp\/v2\/users\/2"}],"replies":[{"embeddable":true,"href":"https:\/\/cartagenaaldia.com\/index.php\/wp-json\/wp\/v2\/comments?post=7992"}],"version-history":[{"count":1,"href":"https:\/\/cartagenaaldia.com\/index.php\/wp-json\/wp\/v2\/posts\/7992\/revisions"}],"predecessor-version":[{"id":7993,"href":"https:\/\/cartagenaaldia.com\/index.php\/wp-json\/wp\/v2\/posts\/7992\/revisions\/7993"}],"wp:featuredmedia":[{"embeddable":true,"href":"https:\/\/cartagenaaldia.com\/index.php\/wp-json\/wp\/v2\/media\/7994"}],"wp:attachment":[{"href":"https:\/\/cartagenaaldia.com\/index.php\/wp-json\/wp\/v2\/media?parent=7992"}],"wp:term":[{"taxonomy":"category","embeddable":true,"href":"https:\/\/cartagenaaldia.com\/index.php\/wp-json\/wp\/v2\/categories?post=7992"},{"taxonomy":"post_tag","embeddable":true,"href":"https:\/\/cartagenaaldia.com\/index.php\/wp-json\/wp\/v2\/tags?post=7992"}],"curies":[{"name":"wp","href":"https:\/\/api.w.org\/{rel}","templated":true}]}}