{"id":7948,"date":"2025-01-03T23:15:21","date_gmt":"2025-01-04T04:15:21","guid":{"rendered":"https:\/\/cartagenaaldia.com\/?p=7948"},"modified":"2025-01-03T23:15:22","modified_gmt":"2025-01-04T04:15:22","slug":"marca-bolivar-debuta-con-exito-en-farex-2025-exhibiendo-tradicion-y-talento-artesanal","status":"publish","type":"post","link":"https:\/\/cartagenaaldia.com\/index.php\/2025\/01\/03\/marca-bolivar-debuta-con-exito-en-farex-2025-exhibiendo-tradicion-y-talento-artesanal\/","title":{"rendered":"Marca Bol\u00edvar debuta con \u00e9xito en Farex 2025, exhibiendo tradici\u00f3n y talento artesanal"},"content":{"rendered":"\n<p><strong>Sala Redacci\u00f3n (IA). <\/strong>\u2013 Marca Bol\u00edvar ha iniciado el a\u00f1o con gran fuerza al participar por primera vez en la Feria de Artesan\u00edas Exportables (Farex), celebrando el 25.\u00ba aniversario de este importante evento en el Centro de Convenciones de Cartagena. Desde el <strong>3 hasta el 12 de enero<\/strong>, visitantes podr\u00e1n explorar la riqueza cultural del departamento en un espacio que combina tradici\u00f3n, creatividad y desarrollo econ\u00f3mico.<\/p>\n\n\n\n<figure class=\"wp-block-image size-large\"><img fetchpriority=\"high\" decoding=\"async\" width=\"1024\" height=\"683\" src=\"https:\/\/cartagenaaldia.com\/wp-content\/uploads\/2025\/01\/4-Marca-Bolivar-Farex-1024x683.webp\" alt=\"\" class=\"wp-image-7951\"\/><\/figure>\n\n\n\n<h3 class=\"wp-block-heading\"><strong>Una vitrina para el talento bolivarense<\/strong><\/h3>\n\n\n\n<p>El stand de Marca Bol\u00edvar, ubicado en el Sal\u00f3n Barahona, ofrece una muestra de m\u00e1s de <strong>20 t\u00e9cnicas artesanales y productos gastron\u00f3micos \u00fanicos<\/strong>, representando la diversidad y el talento de las comunidades de Bol\u00edvar. Entre las piezas exhibidas destacan:<\/p>\n\n\n\n<ul class=\"wp-block-list\">\n<li><strong>Hamacas y mochilas sanjacinteras<\/strong>, \u00edconos del saber artesanal del departamento.<\/li>\n\n\n\n<li>Productos en <strong>palma sar\u00e1, fique, crochet y madera<\/strong>, provenientes de Cascajal, San Jacinto y Turbaco.<\/li>\n\n\n\n<li>La colecci\u00f3n <em>Relatos<\/em>, una l\u00ednea que fusiona dise\u00f1o contempor\u00e1neo con t\u00e9cnicas tradicionales.<\/li>\n<\/ul>\n\n\n\n<figure class=\"wp-block-gallery has-nested-images columns-default is-cropped wp-block-gallery-1 is-layout-flex wp-block-gallery-is-layout-flex\">\n<figure class=\"wp-block-image size-large\"><img decoding=\"async\" width=\"1024\" height=\"683\" data-id=\"7955\" src=\"https:\/\/cartagenaaldia.com\/wp-content\/uploads\/2025\/01\/8-Marca-Bolivar-Farex-1024x683.webp\" alt=\"\" class=\"wp-image-7955\"\/><\/figure>\n\n\n\n<figure class=\"wp-block-image size-large\"><img decoding=\"async\" width=\"1024\" height=\"682\" data-id=\"7953\" src=\"https:\/\/cartagenaaldia.com\/wp-content\/uploads\/2025\/01\/6-Marca-Bolivar-Farex-1024x682.webp\" alt=\"\" class=\"wp-image-7953\"\/><\/figure>\n\n\n\n<figure class=\"wp-block-image size-large\"><img loading=\"lazy\" decoding=\"async\" width=\"1024\" height=\"681\" data-id=\"7954\" src=\"https:\/\/cartagenaaldia.com\/wp-content\/uploads\/2025\/01\/7-Marca-Bolivar-Farex-1024x681.webp\" alt=\"\" class=\"wp-image-7954\"\/><\/figure>\n\n\n\n<figure class=\"wp-block-image size-large\"><img loading=\"lazy\" decoding=\"async\" width=\"1024\" height=\"683\" data-id=\"7952\" src=\"https:\/\/cartagenaaldia.com\/wp-content\/uploads\/2025\/01\/2-Marca-Bolivar-Farex-1024x683.webp\" alt=\"\" class=\"wp-image-7952\"\/><\/figure>\n<\/figure>\n\n\n\n<p>En el \u00e1mbito gastron\u00f3mico, los visitantes podr\u00e1n degustar y adquirir productos como <strong>vino de corozo de Mompox, miel de Zambrano, caf\u00e9 y cacao de Santa Rosa del Sur,<\/strong> entre otros manjares t\u00edpicos.<\/p>\n\n\n\n<h3 class=\"wp-block-heading\"><strong>Impacto y proyecci\u00f3n<\/strong><\/h3>\n\n\n\n<p>Durante la inauguraci\u00f3n, el gobernador Yamil Arana destac\u00f3 la importancia de esta participaci\u00f3n:<\/p>\n\n\n\n<blockquote class=\"wp-block-quote is-layout-flow wp-block-quote-is-layout-flow\">\n<p><em>\u201cLa presencia de Marca Bol\u00edvar en Farex es un reflejo de nuestro compromiso con el desarrollo de las comunidades. Este es un escenario \u00fanico para mostrar al mundo el valor de nuestras tradiciones y generar nuevas oportunidades para nuestros artesanos.\u201d<\/em><\/p>\n\n\n\n<figure class=\"wp-block-image size-large\"><img loading=\"lazy\" decoding=\"async\" width=\"1024\" height=\"683\" src=\"https:\/\/cartagenaaldia.com\/wp-content\/uploads\/2025\/01\/5-Marca-Bolivar-Farex-1024x683.webp\" alt=\"\" class=\"wp-image-7958\"\/><\/figure>\n<\/blockquote>\n\n\n\n<p>Por su parte, <strong>Fara Alies<\/strong>, gerente de Marca Bol\u00edvar, se\u00f1al\u00f3 que esta feria no solo es una oportunidad comercial, sino una experiencia cultural que mezcla tradici\u00f3n y modernidad:<\/p>\n\n\n\n<blockquote class=\"wp-block-quote is-layout-flow wp-block-quote-is-layout-flow\">\n<p><em>\u201cFarex nos permite consolidar nuestra misi\u00f3n de garantizar comercio justo y brindar un futuro m\u00e1s prometedor a los artesanos del departamento. Este es solo el comienzo de un 2025 lleno de grandes proyectos.\u201d<\/em><\/p>\n\n\n\n<figure class=\"wp-block-image size-large\"><img loading=\"lazy\" decoding=\"async\" width=\"1024\" height=\"683\" src=\"https:\/\/cartagenaaldia.com\/wp-content\/uploads\/2025\/01\/3-Marca-Bolivar-Farex-1024x683.webp\" alt=\"\" class=\"wp-image-7959\"\/><\/figure>\n<\/blockquote>\n\n\n\n<h3 class=\"wp-block-heading\"><strong>Historias detr\u00e1s del arte<\/strong><\/h3>\n\n\n\n<p>Artesanos como <strong>Josimar G\u00f3mez<\/strong>, maestro en alambrismo de cobre, ven en Farex una plataforma invaluable:<\/p>\n\n\n\n<blockquote class=\"wp-block-quote is-layout-flow wp-block-quote-is-layout-flow\">\n<p><em>\u201cEs la primera vez que participo en un evento de esta magnitud. Gracias al apoyo de Marca Bol\u00edvar, puedo mostrar mi trabajo y darle un valor justo. Me siento orgulloso de representar a mi departamento.\u201d<\/em><\/p>\n\n\n\n<figure class=\"wp-block-image size-large\"><img loading=\"lazy\" decoding=\"async\" width=\"1024\" height=\"683\" src=\"https:\/\/cartagenaaldia.com\/wp-content\/uploads\/2025\/01\/1-Marca-Bolivar-Farex-1024x683.webp\" alt=\"\" class=\"wp-image-7957\"\/><\/figure>\n<\/blockquote>\n\n\n\n<h3 class=\"wp-block-heading\"><strong>Pr\u00f3ximos pasos<\/strong><\/h3>\n\n\n\n<p>Tras su debut en Farex, Marca Bol\u00edvar anticipa un 2025 ambicioso, con planes como:<\/p>\n\n\n\n<ul class=\"wp-block-list\">\n<li><strong>Apertura de una tienda virtual<\/strong>, que permitir\u00e1 ampliar el alcance de los productos bolivarenses.<\/li>\n\n\n\n<li>Nuevas <strong>colaboraciones en el sector moda<\/strong> para posicionar las artesan\u00edas en mercados nacionales e internacionales.<\/li>\n\n\n\n<li>Continuar garantizando el comercio justo para fortalecer la econom\u00eda de las comunidades artesanales.<\/li>\n<\/ul>\n\n\n\n<h3 class=\"wp-block-heading\"><strong>Vis\u00edtanos en Farex<\/strong><\/h3>\n\n\n\n<p>El stand de Marca Bol\u00edvar estar\u00e1 abierto al p\u00fablico hasta el <strong>12 de enero<\/strong>, de <strong>11:00 a.m. a 10:00 p.m.<\/strong>. La invitaci\u00f3n est\u00e1 abierta para que propios y turistas disfruten de una experiencia inolvidable llena de talento, tradici\u00f3n y sabor bolivarense.<\/p>\n\n\n\n<figure class=\"wp-block-image size-large\"><img loading=\"lazy\" decoding=\"async\" width=\"683\" height=\"1024\" src=\"https:\/\/cartagenaaldia.com\/wp-content\/uploads\/2025\/01\/9-Marca-Bolivar-Farex-683x1024.webp\" alt=\"\" class=\"wp-image-7956\"\/><\/figure>\n","protected":false},"excerpt":{"rendered":"<p>Marca Bol\u00edvar en Farex es un reflejo del compromiso de la Gobernaci\u00f3n de Bol\u00edvar con el desarrollo de las comunidades<\/p>\n","protected":false},"author":2,"featured_media":7949,"comment_status":"closed","ping_status":"closed","sticky":false,"template":"","format":"standard","meta":{"om_disable_all_campaigns":false,"_monsterinsights_skip_tracking":false,"_monsterinsights_sitenote_active":false,"_monsterinsights_sitenote_note":"","_monsterinsights_sitenote_category":0,"footnotes":""},"categories":[107,102],"tags":[634,380,196,390],"class_list":["post-7948","post","type-post","status-publish","format-standard","has-post-thumbnail","hentry","category-cultura","category-generales","tag-farex","tag-gobernacion-bolivar","tag-icultur","tag-marca-bolivar"],"_links":{"self":[{"href":"https:\/\/cartagenaaldia.com\/index.php\/wp-json\/wp\/v2\/posts\/7948","targetHints":{"allow":["GET"]}}],"collection":[{"href":"https:\/\/cartagenaaldia.com\/index.php\/wp-json\/wp\/v2\/posts"}],"about":[{"href":"https:\/\/cartagenaaldia.com\/index.php\/wp-json\/wp\/v2\/types\/post"}],"author":[{"embeddable":true,"href":"https:\/\/cartagenaaldia.com\/index.php\/wp-json\/wp\/v2\/users\/2"}],"replies":[{"embeddable":true,"href":"https:\/\/cartagenaaldia.com\/index.php\/wp-json\/wp\/v2\/comments?post=7948"}],"version-history":[{"count":2,"href":"https:\/\/cartagenaaldia.com\/index.php\/wp-json\/wp\/v2\/posts\/7948\/revisions"}],"predecessor-version":[{"id":7960,"href":"https:\/\/cartagenaaldia.com\/index.php\/wp-json\/wp\/v2\/posts\/7948\/revisions\/7960"}],"wp:featuredmedia":[{"embeddable":true,"href":"https:\/\/cartagenaaldia.com\/index.php\/wp-json\/wp\/v2\/media\/7949"}],"wp:attachment":[{"href":"https:\/\/cartagenaaldia.com\/index.php\/wp-json\/wp\/v2\/media?parent=7948"}],"wp:term":[{"taxonomy":"category","embeddable":true,"href":"https:\/\/cartagenaaldia.com\/index.php\/wp-json\/wp\/v2\/categories?post=7948"},{"taxonomy":"post_tag","embeddable":true,"href":"https:\/\/cartagenaaldia.com\/index.php\/wp-json\/wp\/v2\/tags?post=7948"}],"curies":[{"name":"wp","href":"https:\/\/api.w.org\/{rel}","templated":true}]}}