{"id":7933,"date":"2025-01-03T21:39:52","date_gmt":"2025-01-04T02:39:52","guid":{"rendered":"https:\/\/cartagenaaldia.com\/?p=7933"},"modified":"2025-01-03T21:39:52","modified_gmt":"2025-01-04T02:39:52","slug":"cartagena-anuncia-nueva-rotacion-de-pico-y-placa-para-vehiculos-particulares-y-taxis-en-2025","status":"publish","type":"post","link":"https:\/\/cartagenaaldia.com\/index.php\/2025\/01\/03\/cartagena-anuncia-nueva-rotacion-de-pico-y-placa-para-vehiculos-particulares-y-taxis-en-2025\/","title":{"rendered":"Cartagena anuncia nueva rotaci\u00f3n de pico y placa para veh\u00edculos particulares y taxis en 2025"},"content":{"rendered":"\n<p><strong>Sala Redacci\u00f3n (IA) . &#8211; <\/strong>La Alcald\u00eda Mayor de Cartagena, a trav\u00e9s del Departamento Administrativo de Tr\u00e1nsito y Transporte (DATT), dio a conocer la rotaci\u00f3n actualizada de pico y placa para veh\u00edculos particulares y taxis, que regir\u00e1 a partir del <strong>martes 7 de enero de 2025<\/strong>.<\/p>\n\n\n\n<h3 class=\"wp-block-heading\"><strong>Pico y placa para veh\u00edculos particulares<\/strong><\/h3>\n\n\n\n<p>La restricci\u00f3n aplica de lunes a viernes, excluyendo d\u00edas festivos, en los horarios de:<\/p>\n\n\n\n<ul class=\"wp-block-list\">\n<li><strong>7:00 a.m. a 9:00 a.m.<\/strong><\/li>\n\n\n\n<li><strong>6:00 p.m. a 8:00 p.m.<\/strong><\/li>\n<\/ul>\n\n\n\n<h4 class=\"wp-block-heading\"><strong>Primera rotaci\u00f3n (6 de enero al 4 de abril de 2025):<\/strong><\/h4>\n\n\n\n<ul class=\"wp-block-list\">\n<li>Lunes: <strong>7-8<\/strong><\/li>\n\n\n\n<li>Martes: <strong>9-0<\/strong><\/li>\n\n\n\n<li>Mi\u00e9rcoles: <strong>1-2<\/strong><\/li>\n\n\n\n<li>Jueves: <strong>3-4<\/strong><\/li>\n\n\n\n<li>Viernes: <strong>5-6<\/strong><\/li>\n<\/ul>\n\n\n\n<figure class=\"wp-block-image size-large\"><img fetchpriority=\"high\" decoding=\"async\" width=\"1024\" height=\"1024\" src=\"https:\/\/cartagenaaldia.com\/wp-content\/uploads\/2025\/01\/IMG-20250103-WA0028-1024x1024.webp\" alt=\"\" class=\"wp-image-7936\"\/><\/figure>\n\n\n\n<h4 class=\"wp-block-heading\"><strong>Segunda rotaci\u00f3n (7 de abril al 4 de julio de 2025):<\/strong><\/h4>\n\n\n\n<ul class=\"wp-block-list\">\n<li>Lunes: <strong>9-0<\/strong><\/li>\n\n\n\n<li>Martes: <strong>1-2<\/strong><\/li>\n\n\n\n<li>Mi\u00e9rcoles: <strong>3-4<\/strong><\/li>\n\n\n\n<li>Jueves: <strong>5-6<\/strong><\/li>\n\n\n\n<li>Viernes: <strong>7-8<\/strong><\/li>\n<\/ul>\n\n\n\n<figure class=\"wp-block-image size-large\"><img decoding=\"async\" width=\"1024\" height=\"1024\" src=\"https:\/\/cartagenaaldia.com\/wp-content\/uploads\/2025\/01\/IMG-20250103-WA0029-1024x1024.webp\" alt=\"\" class=\"wp-image-7937\"\/><\/figure>\n\n\n\n<h3 class=\"wp-block-heading\"><strong>Pico y placa para taxis<\/strong><\/h3>\n\n\n\n<p>Aplica de lunes a viernes, sin incluir d\u00edas festivos, en un horario continuo de <strong>6:00 a.m. a 6:00 a.m. del d\u00eda siguiente<\/strong>.<\/p>\n\n\n\n<h4 class=\"wp-block-heading\"><strong>Rotaciones:<\/strong><\/h4>\n\n\n\n<ul class=\"wp-block-list\">\n<li><strong>6 al 31 de enero:<\/strong>\n<ul class=\"wp-block-list\">\n<li>Lunes: <strong>1-2<\/strong><\/li>\n\n\n\n<li>Martes: <strong>3-4<\/strong><\/li>\n\n\n\n<li>Mi\u00e9rcoles: <strong>5-6<\/strong><\/li>\n\n\n\n<li>Jueves: <strong>7-8<\/strong><\/li>\n\n\n\n<li>Viernes: <strong>9-0<\/strong><\/li>\n<\/ul>\n<\/li>\n<\/ul>\n\n\n\n<figure class=\"wp-block-image size-large\"><img decoding=\"async\" width=\"1024\" height=\"1024\" src=\"https:\/\/cartagenaaldia.com\/wp-content\/uploads\/2025\/01\/1-DATT-Pico-y-Placa-1024x1024.webp\" alt=\"\" class=\"wp-image-7939\"\/><\/figure>\n\n\n\n<ul class=\"wp-block-list\">\n<li><strong>3 al 28 de febrero:<\/strong>\n<ul class=\"wp-block-list\">\n<li>Lunes: <strong>3-4<\/strong><\/li>\n\n\n\n<li>Martes: <strong>5-6<\/strong><\/li>\n\n\n\n<li>Mi\u00e9rcoles: <strong>7-8<\/strong><\/li>\n\n\n\n<li>Jueves: <strong>9-0<\/strong><\/li>\n\n\n\n<li>Viernes: <strong>1-2<\/strong><\/li>\n<\/ul>\n<\/li>\n<\/ul>\n\n\n\n<figure class=\"wp-block-image size-large\"><img loading=\"lazy\" decoding=\"async\" width=\"1024\" height=\"1024\" src=\"https:\/\/cartagenaaldia.com\/wp-content\/uploads\/2025\/01\/2-DATT-Pico-y-Placa-1024x1024.webp\" alt=\"\" class=\"wp-image-7941\"\/><\/figure>\n\n\n\n<ul class=\"wp-block-list\">\n<li><strong>3 al 28 de marzo:<\/strong>\n<ul class=\"wp-block-list\">\n<li>Lunes: <strong>5-6<\/strong><\/li>\n\n\n\n<li>Martes: <strong>7-8<\/strong><\/li>\n\n\n\n<li>Mi\u00e9rcoles: <strong>9-0<\/strong><\/li>\n\n\n\n<li>Jueves: <strong>1-2<\/strong><\/li>\n\n\n\n<li>Viernes: <strong>3-4<\/strong><\/li>\n<\/ul>\n<\/li>\n<\/ul>\n\n\n\n<figure class=\"wp-block-image size-large\"><img loading=\"lazy\" decoding=\"async\" width=\"1024\" height=\"1024\" src=\"https:\/\/cartagenaaldia.com\/wp-content\/uploads\/2025\/01\/3-DATT-Pico-y-Placa-1024x1024.webp\" alt=\"\" class=\"wp-image-7946\"\/><\/figure>\n\n\n\n<ul class=\"wp-block-list\">\n<li><strong>31 de marzo al 2 de mayo:<\/strong>\n<ul class=\"wp-block-list\">\n<li>Lunes: <strong>7-8<\/strong><\/li>\n\n\n\n<li>Martes: <strong>9-0<\/strong><\/li>\n\n\n\n<li>Mi\u00e9rcoles: <strong>1-2<\/strong><\/li>\n\n\n\n<li>Jueves: <strong>3-4<\/strong><\/li>\n\n\n\n<li>Viernes: <strong>5-6<\/strong><\/li>\n<\/ul>\n<\/li>\n<\/ul>\n\n\n\n<figure class=\"wp-block-image size-large\"><img loading=\"lazy\" decoding=\"async\" width=\"1024\" height=\"1024\" src=\"https:\/\/cartagenaaldia.com\/wp-content\/uploads\/2025\/01\/4-DATT-Pico-y-Placa-1024x1024.webp\" alt=\"\" class=\"wp-image-7942\"\/><\/figure>\n\n\n\n<ul class=\"wp-block-list\">\n<li><strong>5 al 30 de mayo:<\/strong>\n<ul class=\"wp-block-list\">\n<li>Lunes: <strong>9-0<\/strong><\/li>\n\n\n\n<li>Martes: <strong>1-2<\/strong><\/li>\n\n\n\n<li>Mi\u00e9rcoles: <strong>3-4<\/strong><\/li>\n\n\n\n<li>Jueves: <strong>5-6<\/strong><\/li>\n\n\n\n<li>Viernes: <strong>7-8<\/strong><\/li>\n<\/ul>\n<\/li>\n<\/ul>\n\n\n\n<figure class=\"wp-block-image size-large\"><img loading=\"lazy\" decoding=\"async\" width=\"1024\" height=\"1024\" src=\"https:\/\/cartagenaaldia.com\/wp-content\/uploads\/2025\/01\/5-DATT-Pico-y-Placa-1024x1024.webp\" alt=\"\" class=\"wp-image-7943\"\/><\/figure>\n\n\n\n<ul class=\"wp-block-list\">\n<li><strong>2 al 27 de junio:<\/strong>\n<ul class=\"wp-block-list\">\n<li>Lunes: <strong>1-2<\/strong><\/li>\n\n\n\n<li>Martes: <strong>3-4<\/strong><\/li>\n\n\n\n<li>Mi\u00e9rcoles: <strong>5-6<\/strong><\/li>\n\n\n\n<li>Jueves: <strong>7-8<\/strong><\/li>\n\n\n\n<li>Viernes: <strong>9-0<\/strong><\/li>\n<\/ul>\n<\/li>\n<\/ul>\n\n\n\n<figure class=\"wp-block-image size-large\"><img loading=\"lazy\" decoding=\"async\" width=\"1024\" height=\"1024\" src=\"https:\/\/cartagenaaldia.com\/wp-content\/uploads\/2025\/01\/6-DATT-Pico-y-Placa-1024x1024.webp\" alt=\"\" class=\"wp-image-7945\"\/><\/figure>\n\n\n\n<h3 class=\"wp-block-heading\"><strong>Consulta de informaci\u00f3n adicional<\/strong><\/h3>\n\n\n\n<p>Los detalles completos sobre las v\u00edas afectadas, excepciones y otros aspectos de la medida pueden consultarse en los decretos oficiales:<\/p>\n\n\n\n<ul class=\"wp-block-list\">\n<li><strong>Decreto N.\u00b0 1977 (30 de diciembre de 2024):<\/strong> Restricci\u00f3n para veh\u00edculos particulares.<\/li>\n\n\n\n<li><strong>Decreto N.\u00b0 1978 (30 de diciembre de 2024):<\/strong> Restricci\u00f3n para taxis.<\/li>\n<\/ul>\n\n\n\n<p>Estos documentos est\u00e1n disponibles en la p\u00e1gina oficial del DATT o en los canales oficiales de la Alcald\u00eda de Cartagena.<\/p>\n","protected":false},"excerpt":{"rendered":"<p>El Departamento Administrativo de Tr\u00e1nsito y Transporte (DATT), dio a conocer la rotaci\u00f3n actualizada de pico y placa 2025<\/p>\n","protected":false},"author":2,"featured_media":7934,"comment_status":"closed","ping_status":"closed","sticky":false,"template":"","format":"standard","meta":{"om_disable_all_campaigns":false,"_monsterinsights_skip_tracking":false,"_monsterinsights_sitenote_active":false,"_monsterinsights_sitenote_note":"","_monsterinsights_sitenote_category":0,"footnotes":""},"categories":[110,102],"tags":[275,320],"class_list":["post-7933","post","type-post","status-publish","format-standard","has-post-thumbnail","hentry","category-bolivar","category-generales","tag-alcaldia-cartagena","tag-datt"],"_links":{"self":[{"href":"https:\/\/cartagenaaldia.com\/index.php\/wp-json\/wp\/v2\/posts\/7933","targetHints":{"allow":["GET"]}}],"collection":[{"href":"https:\/\/cartagenaaldia.com\/index.php\/wp-json\/wp\/v2\/posts"}],"about":[{"href":"https:\/\/cartagenaaldia.com\/index.php\/wp-json\/wp\/v2\/types\/post"}],"author":[{"embeddable":true,"href":"https:\/\/cartagenaaldia.com\/index.php\/wp-json\/wp\/v2\/users\/2"}],"replies":[{"embeddable":true,"href":"https:\/\/cartagenaaldia.com\/index.php\/wp-json\/wp\/v2\/comments?post=7933"}],"version-history":[{"count":5,"href":"https:\/\/cartagenaaldia.com\/index.php\/wp-json\/wp\/v2\/posts\/7933\/revisions"}],"predecessor-version":[{"id":7947,"href":"https:\/\/cartagenaaldia.com\/index.php\/wp-json\/wp\/v2\/posts\/7933\/revisions\/7947"}],"wp:featuredmedia":[{"embeddable":true,"href":"https:\/\/cartagenaaldia.com\/index.php\/wp-json\/wp\/v2\/media\/7934"}],"wp:attachment":[{"href":"https:\/\/cartagenaaldia.com\/index.php\/wp-json\/wp\/v2\/media?parent=7933"}],"wp:term":[{"taxonomy":"category","embeddable":true,"href":"https:\/\/cartagenaaldia.com\/index.php\/wp-json\/wp\/v2\/categories?post=7933"},{"taxonomy":"post_tag","embeddable":true,"href":"https:\/\/cartagenaaldia.com\/index.php\/wp-json\/wp\/v2\/tags?post=7933"}],"curies":[{"name":"wp","href":"https:\/\/api.w.org\/{rel}","templated":true}]}}