{"id":7895,"date":"2024-12-30T23:11:26","date_gmt":"2024-12-31T04:11:26","guid":{"rendered":"https:\/\/cartagenaaldia.com\/?p=7895"},"modified":"2024-12-30T23:11:36","modified_gmt":"2024-12-31T04:11:36","slug":"mineros-s-a-impulsa-formalizacion-minera-en-el-sur-de-bolivar-con-cesion-de-derechos","status":"publish","type":"post","link":"https:\/\/cartagenaaldia.com\/index.php\/2024\/12\/30\/mineros-s-a-impulsa-formalizacion-minera-en-el-sur-de-bolivar-con-cesion-de-derechos\/","title":{"rendered":"Mineros S.A. impulsa formalizaci\u00f3n minera en el Sur de Bol\u00edvar con cesi\u00f3n de derechos"},"content":{"rendered":"\n<p><strong>Sala Redacci\u00f3n (IA). &#8211;<\/strong> En un hito para la formalizaci\u00f3n minera en Colombia, Mineros S.A. oficializ\u00f3 la cesi\u00f3n de m\u00e1s de <strong>3,700 hect\u00e1reas<\/strong> de derechos mineros en el Sur de Bol\u00edvar a la Asociaci\u00f3n de Mineros Mina Los Tomates (Asomito). Este proceso, iniciado en 2022, busca integrar a cerca de <strong>2,500 mineros informales<\/strong> y m\u00e1s de 20 unidades productivas al marco legal vigente, promoviendo un modelo de miner\u00eda sostenible y responsable.<\/p>\n\n\n\n<h3 class=\"wp-block-heading\"><strong>Formalizaci\u00f3n minera en acci\u00f3n<\/strong><\/h3>\n\n\n\n<p>El 6 de diciembre, en un acto protocolario con la participaci\u00f3n de \u00c1lvaro Pardo, presidente de la Agencia Nacional de Miner\u00eda (ANM), y representantes de Mineros S.A., se concret\u00f3 la transferencia de derechos. Carlos Londo\u00f1o, gerente de Sostenibilidad de Mineros, y Mar\u00eda Victoria Duque, directora jur\u00eddica de la empresa, tambi\u00e9n asistieron al evento que reafirma el compromiso de la compa\u00f1\u00eda con la miner\u00eda formal y ambientalmente sostenible.<\/p>\n\n\n\n<p>\u201cLa firma de esta cesi\u00f3n simboliza un paso significativo hacia la inclusi\u00f3n de peque\u00f1os mineros en la legalidad, garantizando condiciones seguras de trabajo y protecci\u00f3n ambiental,\u201d se\u00f1al\u00f3 Santiago Cardona M\u00fanera, vicepresidente para Colombia de Mineros S.A.<\/p>\n\n\n\n<h3 class=\"wp-block-heading\"><strong>Beneficio para los mineros y el medio ambiente<\/strong><\/h3>\n\n\n\n<p>Con la cesi\u00f3n, Asomito adquiere la responsabilidad de operar bajo estrictos est\u00e1ndares ambientales y de seguridad. Este modelo fomenta el desarrollo econ\u00f3mico y social en una regi\u00f3n hist\u00f3ricamente afectada por la informalidad minera, mientras impulsa la preservaci\u00f3n del entorno.<\/p>\n\n\n\n<p>Adem\u00e1s, Mineros S.A. anunci\u00f3 un segundo proceso de devoluci\u00f3n voluntaria de <strong>40,000 hect\u00e1reas<\/strong> destinadas a proyectos de conservaci\u00f3n, subrayando su compromiso con el equilibrio entre la actividad econ\u00f3mica y la sostenibilidad ambiental.<\/p>\n\n\n\n<h3 class=\"wp-block-heading\"><strong>Un esfuerzo conjunto con el Gobierno Nacional<\/strong><\/h3>\n\n\n\n<p>La iniciativa es parte de un esfuerzo coordinado con la ANM para promover la formalizaci\u00f3n minera en Colombia, ofreciendo oportunidades legales a peque\u00f1os mineros que tradicionalmente han trabajado en la informalidad.<\/p>\n\n\n\n<p>\u201cEste proceso no solo beneficia a los mineros del Sur de Bol\u00edvar, sino que establece un precedente para el desarrollo de una miner\u00eda sostenible en todo el pa\u00eds,\u201d destac\u00f3 \u00c1lvaro Pardo, presidente de la ANM.<\/p>\n\n\n\n<h3 class=\"wp-block-heading\"><strong>Impacto y futuro<\/strong><\/h3>\n\n\n\n<p>El proceso ya muestra resultados alentadores, brindando a los mineros no solo \u00e1reas adecuadas para la extracci\u00f3n de recursos, sino tambi\u00e9n acceso a capacitaci\u00f3n, seguridad y el respaldo de la normativa vigente.<\/p>\n\n\n\n<p>Mineros S.A., con m\u00e1s de 40 a\u00f1os de experiencia, reafirma su liderazgo como un actor clave en la transici\u00f3n hacia una miner\u00eda responsable en Colombia, alineando su estrategia con los objetivos de sostenibilidad y equidad econ\u00f3mica.<\/p>\n\n\n\n<figure class=\"wp-block-gallery has-nested-images columns-default is-cropped wp-block-gallery-1 is-layout-flex wp-block-gallery-is-layout-flex\">\n<figure class=\"wp-block-image size-large\"><img fetchpriority=\"high\" decoding=\"async\" width=\"1024\" height=\"1024\" data-id=\"7899\" src=\"https:\/\/cartagenaaldia.com\/wp-content\/uploads\/2024\/12\/Mineros-Firma-Convenio-4-1024x1024.webp\" alt=\"\" class=\"wp-image-7899\"\/><\/figure>\n\n\n\n<figure class=\"wp-block-image size-large\"><img decoding=\"async\" width=\"1024\" height=\"1024\" data-id=\"7900\" src=\"https:\/\/cartagenaaldia.com\/wp-content\/uploads\/2024\/12\/Mineros-Firma-Convenio-3-1024x1024.webp\" alt=\"\" class=\"wp-image-7900\"\/><\/figure>\n\n\n\n<figure class=\"wp-block-image size-large\"><img decoding=\"async\" width=\"1024\" height=\"1024\" data-id=\"7901\" src=\"https:\/\/cartagenaaldia.com\/wp-content\/uploads\/2024\/12\/Mineros-Firma-Convenio-2-1024x1024.webp\" alt=\"\" class=\"wp-image-7901\"\/><\/figure>\n\n\n\n<figure class=\"wp-block-image size-large\"><img loading=\"lazy\" decoding=\"async\" width=\"1024\" height=\"1024\" data-id=\"7902\" src=\"https:\/\/cartagenaaldia.com\/wp-content\/uploads\/2024\/12\/Mineros-Firma-Convenio-1-1024x1024.webp\" alt=\"\" class=\"wp-image-7902\"\/><\/figure>\n<\/figure>\n","protected":false},"excerpt":{"rendered":"<p>La compa\u00f1\u00eda cede m\u00e1s de 3,700 hect\u00e1reas a la Asociaci\u00f3n de Mineros Mina Los Tomates (Asomito) para formalizar actividades de 2,500 mineros y proteger el medio ambiente<\/p>\n","protected":false},"author":2,"featured_media":7897,"comment_status":"closed","ping_status":"closed","sticky":false,"template":"","format":"standard","meta":{"om_disable_all_campaigns":false,"_monsterinsights_skip_tracking":false,"_monsterinsights_sitenote_active":false,"_monsterinsights_sitenote_note":"","_monsterinsights_sitenote_category":0,"footnotes":""},"categories":[103,102],"tags":[627],"class_list":["post-7895","post","type-post","status-publish","format-standard","has-post-thumbnail","hentry","category-economia","category-generales","tag-mineros"],"_links":{"self":[{"href":"https:\/\/cartagenaaldia.com\/index.php\/wp-json\/wp\/v2\/posts\/7895","targetHints":{"allow":["GET"]}}],"collection":[{"href":"https:\/\/cartagenaaldia.com\/index.php\/wp-json\/wp\/v2\/posts"}],"about":[{"href":"https:\/\/cartagenaaldia.com\/index.php\/wp-json\/wp\/v2\/types\/post"}],"author":[{"embeddable":true,"href":"https:\/\/cartagenaaldia.com\/index.php\/wp-json\/wp\/v2\/users\/2"}],"replies":[{"embeddable":true,"href":"https:\/\/cartagenaaldia.com\/index.php\/wp-json\/wp\/v2\/comments?post=7895"}],"version-history":[{"count":4,"href":"https:\/\/cartagenaaldia.com\/index.php\/wp-json\/wp\/v2\/posts\/7895\/revisions"}],"predecessor-version":[{"id":7904,"href":"https:\/\/cartagenaaldia.com\/index.php\/wp-json\/wp\/v2\/posts\/7895\/revisions\/7904"}],"wp:featuredmedia":[{"embeddable":true,"href":"https:\/\/cartagenaaldia.com\/index.php\/wp-json\/wp\/v2\/media\/7897"}],"wp:attachment":[{"href":"https:\/\/cartagenaaldia.com\/index.php\/wp-json\/wp\/v2\/media?parent=7895"}],"wp:term":[{"taxonomy":"category","embeddable":true,"href":"https:\/\/cartagenaaldia.com\/index.php\/wp-json\/wp\/v2\/categories?post=7895"},{"taxonomy":"post_tag","embeddable":true,"href":"https:\/\/cartagenaaldia.com\/index.php\/wp-json\/wp\/v2\/tags?post=7895"}],"curies":[{"name":"wp","href":"https:\/\/api.w.org\/{rel}","templated":true}]}}