{"id":7853,"date":"2024-12-28T21:38:29","date_gmt":"2024-12-29T02:38:29","guid":{"rendered":"https:\/\/cartagenaaldia.com\/?p=7853"},"modified":"2024-12-28T21:38:30","modified_gmt":"2024-12-29T02:38:30","slug":"malka-pina-berdugo-nueva-directora-encargada-del-dadis-en-cartagena","status":"publish","type":"post","link":"https:\/\/cartagenaaldia.com\/index.php\/2024\/12\/28\/malka-pina-berdugo-nueva-directora-encargada-del-dadis-en-cartagena\/","title":{"rendered":"Malka Pi\u00f1a Berdugo, nueva directora encargada del Dadis en Cartagena"},"content":{"rendered":"\n<p><strong>Sala Redacci\u00f3n (IA). &#8211;<\/strong> Este viernes 27 de diciembre, el alcalde de Cartagena anunci\u00f3 la designaci\u00f3n de <strong>Malka Pi\u00f1a Berdugo<\/strong> como directora encargada del <strong>Departamento Administrativo Distrital de Salud (Dadis)<\/strong>, en reemplazo del m\u00e9dico Alex Tejada N\u00fa\u00f1ez, quien dejar\u00e1 el cargo en los pr\u00f3ximos d\u00edas.<\/p>\n\n\n\n<p>Pi\u00f1a Berdugo, actual l\u00edder de la Direcci\u00f3n Operativa de Prestaci\u00f3n de Servicios del Dadis, es m\u00e9dica egresada de la <strong>Universidad de Cartagena<\/strong> y cuenta con m\u00e1s de 12 a\u00f1os de experiencia en el sector salud. Su trayectoria incluye la gesti\u00f3n de cl\u00ednicas y hospitales, adem\u00e1s de haber ocupado recientemente el cargo de directora encargada de la <strong>ESE Hospital Local Cartagena de Indias<\/strong>.<\/p>\n\n\n\n<h3 class=\"wp-block-heading\"><strong>Compromiso con una salud digna y humanizada<\/strong><\/h3>\n\n\n\n<p>Con esta designaci\u00f3n, la Administraci\u00f3n distrital busca fortalecer el sistema de salud en Cartagena, priorizando una atenci\u00f3n digna y humanizada en beneficio de los cartageneros. Malka Pi\u00f1a Berdugo asume el liderazgo del Dadis en un momento clave, con desaf\u00edos significativos en la mejora de los servicios de salud y la ampliaci\u00f3n de la cobertura en el distrito.<\/p>\n\n\n\n<p>El alcalde destac\u00f3 la experiencia y compromiso de Pi\u00f1a Berdugo, confiando en su capacidad para liderar los cambios necesarios en el sector salud de la ciudad. Por su parte, la nueva directora encargada manifest\u00f3 su disposici\u00f3n para trabajar en equipo y continuar implementando estrategias que garanticen un acceso oportuno y de calidad a los servicios m\u00e9dicos.<\/p>\n\n\n\n<p>El nombramiento de Pi\u00f1a Berdugo refuerza el objetivo de la Administraci\u00f3n distrital de transformar el sistema de salud y responder a las necesidades de los cartageneros, asegurando una gesti\u00f3n eficiente y orientada al bienestar de la comunidad.<\/p>\n\n\n\n<figure class=\"wp-block-image size-large\"><img fetchpriority=\"high\" decoding=\"async\" width=\"1024\" height=\"1024\" src=\"https:\/\/cartagenaaldia.com\/wp-content\/uploads\/2024\/12\/Maika-Berdugo-1024x1024.webp\" alt=\"\" class=\"wp-image-7855\"\/><\/figure>\n","protected":false},"excerpt":{"rendered":"<p>La m\u00e9dica cartagenera, con m\u00e1s de 12 a\u00f1os de experiencia en el sector salud, liderar\u00e1 el Departamento Administrativo Distrital de Salud<\/p>\n","protected":false},"author":2,"featured_media":7854,"comment_status":"closed","ping_status":"closed","sticky":false,"template":"","format":"standard","meta":{"om_disable_all_campaigns":false,"_monsterinsights_skip_tracking":false,"_monsterinsights_sitenote_active":false,"_monsterinsights_sitenote_note":"","_monsterinsights_sitenote_category":0,"footnotes":""},"categories":[102,109],"tags":[275,262],"class_list":["post-7853","post","type-post","status-publish","format-standard","has-post-thumbnail","hentry","category-generales","category-salud","tag-alcaldia-cartagena","tag-dadis"],"_links":{"self":[{"href":"https:\/\/cartagenaaldia.com\/index.php\/wp-json\/wp\/v2\/posts\/7853","targetHints":{"allow":["GET"]}}],"collection":[{"href":"https:\/\/cartagenaaldia.com\/index.php\/wp-json\/wp\/v2\/posts"}],"about":[{"href":"https:\/\/cartagenaaldia.com\/index.php\/wp-json\/wp\/v2\/types\/post"}],"author":[{"embeddable":true,"href":"https:\/\/cartagenaaldia.com\/index.php\/wp-json\/wp\/v2\/users\/2"}],"replies":[{"embeddable":true,"href":"https:\/\/cartagenaaldia.com\/index.php\/wp-json\/wp\/v2\/comments?post=7853"}],"version-history":[{"count":1,"href":"https:\/\/cartagenaaldia.com\/index.php\/wp-json\/wp\/v2\/posts\/7853\/revisions"}],"predecessor-version":[{"id":7856,"href":"https:\/\/cartagenaaldia.com\/index.php\/wp-json\/wp\/v2\/posts\/7853\/revisions\/7856"}],"wp:featuredmedia":[{"embeddable":true,"href":"https:\/\/cartagenaaldia.com\/index.php\/wp-json\/wp\/v2\/media\/7854"}],"wp:attachment":[{"href":"https:\/\/cartagenaaldia.com\/index.php\/wp-json\/wp\/v2\/media?parent=7853"}],"wp:term":[{"taxonomy":"category","embeddable":true,"href":"https:\/\/cartagenaaldia.com\/index.php\/wp-json\/wp\/v2\/categories?post=7853"},{"taxonomy":"post_tag","embeddable":true,"href":"https:\/\/cartagenaaldia.com\/index.php\/wp-json\/wp\/v2\/tags?post=7853"}],"curies":[{"name":"wp","href":"https:\/\/api.w.org\/{rel}","templated":true}]}}