{"id":7839,"date":"2024-12-27T18:00:40","date_gmt":"2024-12-27T23:00:40","guid":{"rendered":"https:\/\/cartagenaaldia.com\/?p=7839"},"modified":"2024-12-27T18:00:40","modified_gmt":"2024-12-27T23:00:40","slug":"deportistas-de-cartagena-y-bolivar-brillaran-en-premios-acord-bolivar-2024","status":"publish","type":"post","link":"https:\/\/cartagenaaldia.com\/index.php\/2024\/12\/27\/deportistas-de-cartagena-y-bolivar-brillaran-en-premios-acord-bolivar-2024\/","title":{"rendered":"Deportistas de Cartagena y Bol\u00edvar brillar\u00e1n en Premios ACORD Bol\u00edvar 2024"},"content":{"rendered":"\n<p>La magia del deporte cartagenero y bolivarense se dar\u00e1 cita este s\u00e1bado 28 de diciembre, a las 4:00 p.m., en la esperada ceremonia de los <strong>Premios ACORD Bol\u00edvar 2024<\/strong>, que tendr\u00e1 lugar en Casa Moraima de Comfenalco, en el Pie de la Popa. Este evento, organizado por el C\u00edrculo de Cronistas Deportivos de Bol\u00edvar (ACORD Bol\u00edvar), re\u00fane a los talentos m\u00e1s destacados del a\u00f1o en el deporte aficionado, profesional y adaptado de la regi\u00f3n.<\/p>\n\n\n\n<h3 class=\"wp-block-heading\"><strong>Una tradici\u00f3n que celebra el deporte local<\/strong><\/h3>\n\n\n\n<p>Durante 55 a\u00f1os, los Premios ACORD Bol\u00edvar han sido un referente para reconocer los logros y esfuerzos de los atletas, entrenadores, dirigentes y periodistas que hacen historia en Cartagena y Bol\u00edvar. Este a\u00f1o, el evento contar\u00e1 con 16 categor\u00edas que exaltar\u00e1n a figuras destacadas del deporte regional.<\/p>\n\n\n\n<p>Entre los galardones m\u00e1s esperados se encuentran los reconocimientos al <strong>Deportista del A\u00f1o Aficionado (rama femenina y masculina)<\/strong>, el <strong>Deportista Profesional del A\u00f1o<\/strong>, el <strong>Deportista Juvenil<\/strong> y el premio <strong>El Futuro es Hoy<\/strong>, destinado a atletas menores de 15 a\u00f1os.<\/p>\n\n\n\n<p>La ceremonia tambi\u00e9n premiar\u00e1 al <strong>Entrenador del A\u00f1o<\/strong>, <strong>Dirigente del A\u00f1o<\/strong>, y al equipo con la <strong>Mejor Actuaci\u00f3n Colectiva<\/strong>, entre otros. Adem\u00e1s, se rendir\u00e1n homenajes especiales a figuras que han dedicado su vida al deporte y al periodismo deportivo, incluyendo el <strong>Premio Armando L\u00f3pez Buend\u00eda<\/strong> al periodista m\u00e1s destacado.<\/p>\n\n\n\n<h3 class=\"wp-block-heading\"><strong>Reconocimientos y apoyos destacados<\/strong><\/h3>\n\n\n\n<p>La organizaci\u00f3n del evento es posible gracias al apoyo de empresas y entidades comprometidas con el desarrollo deportivo de la regi\u00f3n, como <strong>Comfenalco, IDER, Fundaci\u00f3n Ser Social, Aguas de Cartagena, IDERBOL, Surtigas<\/strong> y la <strong>Estaci\u00f3n de Servicios San Judas<\/strong>.<\/p>\n\n\n\n<p>Juan Carlos Revollo, presidente de ACORD Bol\u00edvar, destac\u00f3 la importancia de esta premiaci\u00f3n:<\/p>\n\n\n\n<blockquote class=\"wp-block-quote is-layout-flow wp-block-quote-is-layout-flow\">\n<p>&#8220;El deporte es un motor de integraci\u00f3n y orgullo para nuestra regi\u00f3n. Esta ceremonia no solo reconoce los logros individuales y colectivos, sino que tambi\u00e9n inspira a futuras generaciones a alcanzar la excelencia&#8221;.<\/p>\n<\/blockquote>\n\n\n\n<h3 class=\"wp-block-heading\"><strong>El proceso de selecci\u00f3n<\/strong><\/h3>\n\n\n\n<p>La elecci\u00f3n de los ganadores estuvo a cargo de los 34 periodistas afiliados al C\u00edrculo de Cronistas Deportivos ACORD Bol\u00edvar, adscritos a ACORD Colombia. Despu\u00e9s de varias reuniones de deliberaci\u00f3n, los cronistas lograron seleccionar a los galardonados, aunque en algunos casos se presentaron empates en las votaciones debido al alto nivel de los candidatos.<\/p>\n\n\n\n<p>Los periodistas que participaron en el proceso incluyen nombres reconocidos como <strong>Hegel Ortega, Eugenio Baena, Freddy Jinete, Mar\u00eda Coronel, Manolo Duque<\/strong>, entre otros.<\/p>\n\n\n\n<h3 class=\"wp-block-heading\"><strong>Un homenaje a toda una vida dedicada al deporte<\/strong><\/h3>\n\n\n\n<p>Adem\u00e1s de los reconocimientos competitivos, se rendir\u00e1n tributos a quienes han dedicado d\u00e9cadas a enriquecer el deporte y la comunicaci\u00f3n deportiva. Entre los premios especiales est\u00e1n:<\/p>\n\n\n\n<ul class=\"wp-block-list\">\n<li><strong>Toda una vida en el deporte<\/strong><\/li>\n\n\n\n<li><strong>Toda una vida en el periodismo<\/strong><\/li>\n<\/ul>\n\n\n\n<p>Estos homenajes representan un reconocimiento al esfuerzo sostenido y el impacto positivo que estas personas han tenido en la comunidad deportiva y medi\u00e1tica de Bol\u00edvar.<\/p>\n\n\n\n<h3 class=\"wp-block-heading\"><strong>Expectativas para la ceremonia<\/strong><\/h3>\n\n\n\n<p>La gala, denominada <strong>\u201cEncuentro con los Mejores\u201d<\/strong>, promete ser un espacio \u00fanico de celebraci\u00f3n y reflexi\u00f3n sobre los logros alcanzados en la temporada 2024. Desde el talento emergente hasta los \u00eddolos establecidos, el evento ser\u00e1 un reflejo del compromiso y la pasi\u00f3n que caracterizan al deporte en Cartagena y Bol\u00edvar.<\/p>\n\n\n\n<p>El respaldo del Instituto Distrital de Deporte y Recreaci\u00f3n (IDER) y la Alcald\u00eda de Cartagena subraya la relevancia de este evento para la promoci\u00f3n del deporte como herramienta de transformaci\u00f3n social.<\/p>\n\n\n\n<h3 class=\"wp-block-heading\"><strong>Una historia de 55 a\u00f1os acompa\u00f1ando al deporte<\/strong><\/h3>\n\n\n\n<p>Los Premios ACORD Bol\u00edvar no solo celebran el presente, sino que tambi\u00e9n rinden homenaje a una trayectoria de m\u00e1s de cinco d\u00e9cadas en las que han acompa\u00f1ado e impulsado el desarrollo del deporte regional.<\/p>\n\n\n\n<p>Este s\u00e1bado 28 de diciembre, Casa Moraima abrir\u00e1 sus puertas para recibir a deportistas, entrenadores, dirigentes, periodistas y aficionados que, juntos, celebrar\u00e1n un a\u00f1o de logros deportivos en Cartagena y Bol\u00edvar.<\/p>\n\n\n\n<p>El deporte local sigue brillando, y los <strong>Premios ACORD Bol\u00edvar 2024<\/strong> son la ocasi\u00f3n perfecta para reconocer y enaltecer a quienes inspiran con su dedicaci\u00f3n y esfuerzo dentro y fuera del campo de juego.<\/p>\n","protected":false},"excerpt":{"rendered":"<p>La ceremonia, organizada por ACORD Bol\u00edvar, exaltar\u00e1 a los mejores del deporte local en 16 categor\u00edas este s\u00e1bado 28 de diciembre en Casa Moraima, Comfenalco<\/p>\n","protected":false},"author":2,"featured_media":7840,"comment_status":"closed","ping_status":"closed","sticky":false,"template":"","format":"standard","meta":{"om_disable_all_campaigns":false,"_monsterinsights_skip_tracking":false,"_monsterinsights_sitenote_active":false,"_monsterinsights_sitenote_note":"","_monsterinsights_sitenote_category":0,"footnotes":""},"categories":[106,102],"tags":[621],"class_list":["post-7839","post","type-post","status-publish","format-standard","has-post-thumbnail","hentry","category-deporte","category-generales","tag-acord"],"_links":{"self":[{"href":"https:\/\/cartagenaaldia.com\/index.php\/wp-json\/wp\/v2\/posts\/7839","targetHints":{"allow":["GET"]}}],"collection":[{"href":"https:\/\/cartagenaaldia.com\/index.php\/wp-json\/wp\/v2\/posts"}],"about":[{"href":"https:\/\/cartagenaaldia.com\/index.php\/wp-json\/wp\/v2\/types\/post"}],"author":[{"embeddable":true,"href":"https:\/\/cartagenaaldia.com\/index.php\/wp-json\/wp\/v2\/users\/2"}],"replies":[{"embeddable":true,"href":"https:\/\/cartagenaaldia.com\/index.php\/wp-json\/wp\/v2\/comments?post=7839"}],"version-history":[{"count":1,"href":"https:\/\/cartagenaaldia.com\/index.php\/wp-json\/wp\/v2\/posts\/7839\/revisions"}],"predecessor-version":[{"id":7841,"href":"https:\/\/cartagenaaldia.com\/index.php\/wp-json\/wp\/v2\/posts\/7839\/revisions\/7841"}],"wp:featuredmedia":[{"embeddable":true,"href":"https:\/\/cartagenaaldia.com\/index.php\/wp-json\/wp\/v2\/media\/7840"}],"wp:attachment":[{"href":"https:\/\/cartagenaaldia.com\/index.php\/wp-json\/wp\/v2\/media?parent=7839"}],"wp:term":[{"taxonomy":"category","embeddable":true,"href":"https:\/\/cartagenaaldia.com\/index.php\/wp-json\/wp\/v2\/categories?post=7839"},{"taxonomy":"post_tag","embeddable":true,"href":"https:\/\/cartagenaaldia.com\/index.php\/wp-json\/wp\/v2\/tags?post=7839"}],"curies":[{"name":"wp","href":"https:\/\/api.w.org\/{rel}","templated":true}]}}