{"id":7838,"date":"2024-12-30T23:47:09","date_gmt":"2024-12-31T04:47:09","guid":{"rendered":"https:\/\/cartagenaaldia.com\/?p=7838"},"modified":"2024-12-30T23:47:10","modified_gmt":"2024-12-31T04:47:10","slug":"colombia-enfrenta-un-brote-historico-de-dengue-claves-para-la-prevencion-y-el-manejo-integral","status":"publish","type":"post","link":"https:\/\/cartagenaaldia.com\/index.php\/2024\/12\/30\/colombia-enfrenta-un-brote-historico-de-dengue-claves-para-la-prevencion-y-el-manejo-integral\/","title":{"rendered":"Colombia enfrenta un brote hist\u00f3rico de dengue: claves para la prevenci\u00f3n y el manejo integral"},"content":{"rendered":"\n<p><strong>Sala Redacci\u00f3n (IA). &#8211;<\/strong> El dengue, enfermedad viral transmitida por los mosquitos <em>Aedes aegypti<\/em> y <em>Aedes albopictus<\/em>, ha alcanzado cifras alarmantes en Colombia durante 2024. Seg\u00fan el Instituto Nacional de Salud (INS), hasta la semana 44 se reportaron <strong>293,561 casos en todo el pa\u00eds<\/strong>, representando un incremento de m\u00e1s del 200% respecto al a\u00f1o anterior. Este brote ya es catalogado como uno de los m\u00e1s graves en la historia nacional, con implicaciones cr\u00edticas para la salud p\u00fablica.<\/p>\n\n\n\n<h3 class=\"wp-block-heading\"><strong>Regiones m\u00e1s afectadas<\/strong><\/h3>\n\n\n\n<p>Nueve departamentos concentran el <strong>76% de los casos reportados<\/strong>, con Valle del Cauca, Santander, Tolima, Huila y Antioquia liderando la lista. En la regi\u00f3n Caribe, <strong>Bol\u00edvar, Magdalena, Atl\u00e1ntico y La Guajira<\/strong>, junto con el Archipi\u00e9lago de San Andr\u00e9s, registraron <strong>19,714 contagios en 2024<\/strong>, de los cuales el <strong>42.8% requiri\u00f3 hospitalizaci\u00f3n<\/strong>, subrayando la gravedad del problema en esta zona del pa\u00eds.<\/p>\n\n\n\n<h3 class=\"wp-block-heading\"><strong>S\u00edntomas y riesgos asociados<\/strong><\/h3>\n\n\n\n<p>Los s\u00edntomas del dengue incluyen fiebre, dolor en los ojos, m\u00fasculos y huesos, cefalea y malestar general. Sin embargo, puede evolucionar hacia formas graves, como el dengue hemorr\u00e1gico, que requiere atenci\u00f3n m\u00e9dica inmediata. El INS reporta que de los <strong>108,335 casos con signos de alarma<\/strong>, el <strong>77.5% necesit\u00f3 hospitalizaci\u00f3n<\/strong>, lo que sobrecarga los servicios de salud y pone en evidencia la importancia de un diagn\u00f3stico temprano y una intervenci\u00f3n adecuada.<\/p>\n\n\n\n<h3 class=\"wp-block-heading\"><strong>Recomendaciones clave para prevenir el dengue<\/strong><\/h3>\n\n\n\n<p>Ana Cristina Ochoa, directora m\u00e9dica de Takeda, enfatiza que la prevenci\u00f3n y el manejo integral son fundamentales para reducir la propagaci\u00f3n y los riesgos asociados al dengue. Entre sus recomendaciones se encuentran:<\/p>\n\n\n\n<ol class=\"wp-block-list\">\n<li><strong>Eliminar criaderos de mosquitos<\/strong>: Cubrir recipientes con agua y desechar objetos como llantas o basura que puedan acumular agua y convertirse en criaderos.<\/li>\n\n\n\n<li><strong>Usar repelentes<\/strong>: Aplicar constantemente productos antimosquitos en las \u00e1reas expuestas del cuerpo.<\/li>\n\n\n\n<li><strong>Instalar mosquiteros<\/strong>: Utilizar toldillos en ventanas, camas y cunas, especialmente si hay personas contagiadas en el hogar, para evitar la transmisi\u00f3n a otros integrantes de la familia.<\/li>\n\n\n\n<li><strong>Vestir ropa adecuada<\/strong>: Cubrir el cuerpo con camisas de manga larga y pantalones para reducir la exposici\u00f3n a picaduras.<\/li>\n\n\n\n<li><strong>Consultar al m\u00e9dico<\/strong>: Aprovechar las visitas m\u00e9dicas para informarse sobre diagn\u00f3stico, tratamiento preventivo y opciones de vacunaci\u00f3n contra el dengue.<\/li>\n<\/ol>\n\n\n\n<h3 class=\"wp-block-heading\"><strong>Vacunaci\u00f3n: una herramienta clave en la lucha contra el dengue<\/strong><\/h3>\n\n\n\n<p>El dengue es una enfermedad inmunoprevenible gracias a la vacunaci\u00f3n. Durante las consultas peri\u00f3dicas, los m\u00e9dicos pueden orientar sobre la disponibilidad y los beneficios de las vacunas, que representan un avance importante en la reducci\u00f3n de casos graves y hospitalizaciones.<\/p>\n\n\n\n<h3 class=\"wp-block-heading\"><strong>Un llamado a la acci\u00f3n colectiva<\/strong><\/h3>\n\n\n\n<p>El combate contra el dengue no es solo responsabilidad de las instituciones de salud, sino de toda la comunidad. La colaboraci\u00f3n en la educaci\u00f3n sobre s\u00edntomas y prevenci\u00f3n, junto con acciones conjuntas como la eliminaci\u00f3n de criaderos, es fundamental para contener la propagaci\u00f3n de la enfermedad.<\/p>\n\n\n\n<blockquote class=\"wp-block-quote is-layout-flow wp-block-quote-is-layout-flow\">\n<p>\u201cLa colaboraci\u00f3n entre todos es vital para reducir la propagaci\u00f3n de esta enfermedad. Cada acci\u00f3n cuenta y puede marcar la diferencia frente a este desaf\u00edo de salud p\u00fablica\u201d, enfatiza Ana Cristina Ochoa.<\/p>\n<\/blockquote>\n\n\n\n<p>Con la llegada de la temporada de vacaciones y fin de a\u00f1o, las autoridades y expertos hacen un llamado a la poblaci\u00f3n para que se mantengan alertas y adopten medidas preventivas. La prevenci\u00f3n es un esfuerzo colectivo que no solo preserva la salud individual, sino tambi\u00e9n la de toda la comunidad.<\/p>\n\n\n\n<h3 class=\"wp-block-heading\"><strong>Conclusi\u00f3n<\/strong><\/h3>\n\n\n\n<p>El brote de dengue en Colombia es un recordatorio urgente de la importancia de la prevenci\u00f3n, la educaci\u00f3n y la colaboraci\u00f3n para enfrentar desaf\u00edos de salud p\u00fablica. A medida que avanza la temporada vacacional, mantener estas recomendaciones puede salvar vidas y evitar que este brote contin\u00fae expandi\u00e9ndose.<\/p>\n","protected":false},"excerpt":{"rendered":"<p>El brote de dengue en Colombia es un recordatorio urgente de la importancia de la prevenci\u00f3n, la educaci\u00f3n y la colaboraci\u00f3n para enfrentar desaf\u00edos de salud p\u00fablica<\/p>\n","protected":false},"author":2,"featured_media":0,"comment_status":"closed","ping_status":"closed","sticky":false,"template":"","format":"standard","meta":{"om_disable_all_campaigns":false,"_monsterinsights_skip_tracking":false,"_monsterinsights_sitenote_active":false,"_monsterinsights_sitenote_note":"","_monsterinsights_sitenote_category":0,"footnotes":""},"categories":[102,109],"tags":[628],"class_list":["post-7838","post","type-post","status-publish","format-standard","hentry","category-generales","category-salud","tag-takeda"],"_links":{"self":[{"href":"https:\/\/cartagenaaldia.com\/index.php\/wp-json\/wp\/v2\/posts\/7838","targetHints":{"allow":["GET"]}}],"collection":[{"href":"https:\/\/cartagenaaldia.com\/index.php\/wp-json\/wp\/v2\/posts"}],"about":[{"href":"https:\/\/cartagenaaldia.com\/index.php\/wp-json\/wp\/v2\/types\/post"}],"author":[{"embeddable":true,"href":"https:\/\/cartagenaaldia.com\/index.php\/wp-json\/wp\/v2\/users\/2"}],"replies":[{"embeddable":true,"href":"https:\/\/cartagenaaldia.com\/index.php\/wp-json\/wp\/v2\/comments?post=7838"}],"version-history":[{"count":2,"href":"https:\/\/cartagenaaldia.com\/index.php\/wp-json\/wp\/v2\/posts\/7838\/revisions"}],"predecessor-version":[{"id":7905,"href":"https:\/\/cartagenaaldia.com\/index.php\/wp-json\/wp\/v2\/posts\/7838\/revisions\/7905"}],"wp:attachment":[{"href":"https:\/\/cartagenaaldia.com\/index.php\/wp-json\/wp\/v2\/media?parent=7838"}],"wp:term":[{"taxonomy":"category","embeddable":true,"href":"https:\/\/cartagenaaldia.com\/index.php\/wp-json\/wp\/v2\/categories?post=7838"},{"taxonomy":"post_tag","embeddable":true,"href":"https:\/\/cartagenaaldia.com\/index.php\/wp-json\/wp\/v2\/tags?post=7838"}],"curies":[{"name":"wp","href":"https:\/\/api.w.org\/{rel}","templated":true}]}}