{"id":7735,"date":"2024-12-13T21:05:40","date_gmt":"2024-12-14T02:05:40","guid":{"rendered":"https:\/\/cartagenaaldia.com\/?p=7735"},"modified":"2024-12-13T21:05:41","modified_gmt":"2024-12-14T02:05:41","slug":"ecopetrol-lidera-dialogo-sobre-transicion-energetica-y-gestion-del-agua-en-el-caribe","status":"publish","type":"post","link":"https:\/\/cartagenaaldia.com\/index.php\/2024\/12\/13\/ecopetrol-lidera-dialogo-sobre-transicion-energetica-y-gestion-del-agua-en-el-caribe\/","title":{"rendered":"Ecopetrol lidera di\u00e1logo sobre transici\u00f3n energ\u00e9tica y gesti\u00f3n del agua en el Caribe"},"content":{"rendered":"\n<p><strong>Sala Redacci\u00f3n (IA). &#8211;<\/strong> Con el prop\u00f3sito de reafirmar su compromiso con la sostenibilidad y el desarrollo de la regi\u00f3n, <strong>Ecopetrol<\/strong>, la <strong>Refiner\u00eda de Cartagena<\/strong>, y <strong>Esenttia<\/strong>, lideraron el <strong>Foro de Transici\u00f3n Energ\u00e9tica y Gesti\u00f3n Integral del Agua en el Caribe<\/strong>, un evento clave que reuni\u00f3 a autoridades nacionales, regionales, ambientales y representantes de la comunidad para debatir sobre el futuro sostenible de la regi\u00f3n.<\/p>\n\n\n\n<p><strong>Un espacio para el di\u00e1logo y la acci\u00f3n<\/strong><\/p>\n\n\n\n<p>El foro, alineado con la <strong>Estrategia 2040 Energ\u00eda que Transforma<\/strong> del Grupo Ecopetrol, ofreci\u00f3 durante dos d\u00edas una plataforma para analizar temas fundamentales como:<\/p>\n\n\n\n<ul class=\"wp-block-list\">\n<li><strong>Transici\u00f3n energ\u00e9tica:<\/strong> oportunidades, desaf\u00edos y el papel de la industria.<\/li>\n\n\n\n<li><strong>Gesti\u00f3n del agua:<\/strong> estrategias responsables para su aprovechamiento sostenible.<\/li>\n\n\n\n<li><strong>Econom\u00eda circular y biodiversidad:<\/strong> pr\u00e1cticas para integrar sostenibilidad y desarrollo.<\/li>\n\n\n\n<li><strong>Innovaci\u00f3n tecnol\u00f3gica:<\/strong> avances hacia la neutralidad h\u00eddrica liderados por Ecopetrol y el Instituto Colombiano de Estudios Petroleros (ICEPT).<\/li>\n<\/ul>\n\n\n\n<p><strong>La voz de los l\u00edderes<\/strong><\/p>\n\n\n\n<p><strong>Juan Pablo V\u00e9lez<\/strong>, jefe Territorial Ambiental de Ecopetrol en el Caribe, destac\u00f3 la importancia del evento:<\/p>\n\n\n\n<p>\u201cEste foro fortalece alianzas y fomenta soluciones innovadoras que promueven procesos pedag\u00f3gicos. Adem\u00e1s, democratiza la transici\u00f3n energ\u00e9tica justa y la gesti\u00f3n integral del agua en Cartagena y el Caribe\u201d.<\/p>\n\n\n\n<p>Representantes de los <strong>Ministerios de Vivienda, Ciudad y Territorio<\/strong>, y de <strong>Minas y Energ\u00eda<\/strong> tambi\u00e9n participaron activamente, subrayando el papel crucial de estas iniciativas en el desarrollo regional.<\/p>\n\n\n\n<p><strong>Un enfoque integral y colaborativo<\/strong><\/p>\n\n\n\n<p>El evento incluy\u00f3 paneles y conferencias sobre las apuestas territoriales para la transici\u00f3n energ\u00e9tica, el rol de la academia, y casos exitosos de innovaci\u00f3n en gesti\u00f3n h\u00eddrica. Entre las iniciativas destacadas, se presentaron proyectos que posicionan a <strong>Cartagena<\/strong> como una ciudad modelo en el uso sostenible del agua, impulsando el desarrollo econ\u00f3mico de la regi\u00f3n.<\/p>\n\n\n\n<p>La agenda tambi\u00e9n abord\u00f3 c\u00f3mo la biodiversidad y la econom\u00eda circular pueden integrarse en las estrategias de sostenibilidad, fomentando un equilibrio entre el crecimiento industrial y el cuidado del medio ambiente.<\/p>\n\n\n\n<p><strong>Hacia un futuro sostenible<\/strong><\/p>\n\n\n\n<p>El Foro de Transici\u00f3n Energ\u00e9tica y Gesti\u00f3n Integral del Agua en el Caribe reafirma el liderazgo de Ecopetrol en la construcci\u00f3n de un futuro sostenible. Las soluciones presentadas no solo benefician a las comunidades locales, sino que tambi\u00e9n representan un compromiso con el bienestar del planeta. Con esta iniciativa, el Grupo Ecopetrol consolida su rol como un actor clave en la transici\u00f3n energ\u00e9tica justa y el manejo integral de los recursos h\u00eddricos, promoviendo un desarrollo inclusivo y responsable que beneficie a todos los colombianos.<\/p>\n","protected":false},"excerpt":{"rendered":"<p>Cartagena fue sede del Foro de Transici\u00f3n Energ\u00e9tica y Gesti\u00f3n Integral del Agua, promovido por Ecopetrol y aliados estrat\u00e9gicos<\/p>\n","protected":false},"author":2,"featured_media":7512,"comment_status":"closed","ping_status":"closed","sticky":false,"template":"","format":"standard","meta":{"om_disable_all_campaigns":false,"_monsterinsights_skip_tracking":false,"_monsterinsights_sitenote_active":false,"_monsterinsights_sitenote_note":"","_monsterinsights_sitenote_category":0,"footnotes":""},"categories":[103,102],"tags":[230],"class_list":["post-7735","post","type-post","status-publish","format-standard","has-post-thumbnail","hentry","category-economia","category-generales","tag-ecopetrol"],"_links":{"self":[{"href":"https:\/\/cartagenaaldia.com\/index.php\/wp-json\/wp\/v2\/posts\/7735","targetHints":{"allow":["GET"]}}],"collection":[{"href":"https:\/\/cartagenaaldia.com\/index.php\/wp-json\/wp\/v2\/posts"}],"about":[{"href":"https:\/\/cartagenaaldia.com\/index.php\/wp-json\/wp\/v2\/types\/post"}],"author":[{"embeddable":true,"href":"https:\/\/cartagenaaldia.com\/index.php\/wp-json\/wp\/v2\/users\/2"}],"replies":[{"embeddable":true,"href":"https:\/\/cartagenaaldia.com\/index.php\/wp-json\/wp\/v2\/comments?post=7735"}],"version-history":[{"count":1,"href":"https:\/\/cartagenaaldia.com\/index.php\/wp-json\/wp\/v2\/posts\/7735\/revisions"}],"predecessor-version":[{"id":7736,"href":"https:\/\/cartagenaaldia.com\/index.php\/wp-json\/wp\/v2\/posts\/7735\/revisions\/7736"}],"wp:featuredmedia":[{"embeddable":true,"href":"https:\/\/cartagenaaldia.com\/index.php\/wp-json\/wp\/v2\/media\/7512"}],"wp:attachment":[{"href":"https:\/\/cartagenaaldia.com\/index.php\/wp-json\/wp\/v2\/media?parent=7735"}],"wp:term":[{"taxonomy":"category","embeddable":true,"href":"https:\/\/cartagenaaldia.com\/index.php\/wp-json\/wp\/v2\/categories?post=7735"},{"taxonomy":"post_tag","embeddable":true,"href":"https:\/\/cartagenaaldia.com\/index.php\/wp-json\/wp\/v2\/tags?post=7735"}],"curies":[{"name":"wp","href":"https:\/\/api.w.org\/{rel}","templated":true}]}}