{"id":7732,"date":"2024-12-13T20:55:40","date_gmt":"2024-12-14T01:55:40","guid":{"rendered":"https:\/\/cartagenaaldia.com\/?p=7732"},"modified":"2024-12-13T20:55:41","modified_gmt":"2024-12-14T01:55:41","slug":"el-deporte-transforma-vidas-en-el-megabarrio-bicentenario-364-jovenes-encuentran-en-la-actividad-fisica-una-herramienta-para-el-desarrollo-personal","status":"publish","type":"post","link":"https:\/\/cartagenaaldia.com\/index.php\/2024\/12\/13\/el-deporte-transforma-vidas-en-el-megabarrio-bicentenario-364-jovenes-encuentran-en-la-actividad-fisica-una-herramienta-para-el-desarrollo-personal\/","title":{"rendered":"El deporte transforma vidas en el Megabarrio Bicentenario: 364 j\u00f3venes encuentran en la actividad f\u00edsica una herramienta para el desarrollo personal"},"content":{"rendered":"\n<p><strong>Sala Redacci\u00f3n (IA). &#8211;<\/strong> Desde 2023, el proyecto <strong>\u201cEl deporte, la recreaci\u00f3n y el arte como herramientas de vida\u201d<\/strong> ha impactado positivamente a 364 ni\u00f1os, ni\u00f1as, adolescentes y j\u00f3venes del <strong>Megabarrio Bicentenario<\/strong>, quienes han encontrado en el deporte un espacio para crecer tanto f\u00edsica como emocionalmente. Este programa, que involucra disciplinas como <strong>baloncesto, voleibol, microf\u00fatbol y danza<\/strong>, no solo fomenta el desarrollo f\u00edsico, sino que tambi\u00e9n potencia habilidades como el trabajo en equipo, la disciplina y el manejo de las emociones.<\/p>\n\n\n\n<p><strong>Un espacio para crecer y so\u00f1ar<\/strong><\/p>\n\n\n\n<p>El proyecto, dirigido a j\u00f3venes entre los 14 y 22 a\u00f1os, busca fortalecer el tejido comunitario a trav\u00e9s de la actividad f\u00edsica, ofreciendo alternativas que transformen sus proyectos de vida. Para <strong>Dolly Gonz\u00e1lez<\/strong>, gerente del Megabarrio Bicentenario de la Fundaci\u00f3n Santo Domingo, esta iniciativa tiene un enfoque integral:<\/p>\n\n\n\n<p>\u201cImpulsamos el fortalecimiento del tejido comunitario y apoyamos los talentos locales mientras incentivamos h\u00e1bitos saludables. Adem\u00e1s, brindamos a los j\u00f3venes herramientas como la comunicaci\u00f3n, el liderazgo y la creatividad, elementos esenciales para su desarrollo personal\u201d.<\/p>\n\n\n\n<p><strong>Deporte como estilo de vida<\/strong><\/p>\n\n\n\n<p>Para muchos de los participantes, este proyecto ha significado mucho m\u00e1s que practicar un deporte. <strong>Salom\u00e9 Smith Batista<\/strong>, jugadora de baloncesto, comparti\u00f3 c\u00f3mo este espacio ha transformado su vida:<\/p>\n\n\n\n<p>\u201cCon el baloncesto he mejorado mis capacidades f\u00edsicas, motoras y mi autoestima. Este espacio me permite expresarme libremente, hacer amigos y aprender temas importantes como la prevenci\u00f3n del bullying. El deporte se ha convertido en un estilo de vida que quiero seguir mejorando\u201d.<\/p>\n\n\n\n<p><strong>Competencia y comunidad<\/strong><\/p>\n\n\n\n<p>Los j\u00f3venes han alcanzado un nivel competitivo que les ha permitido representar al Megabarrio en <strong>torneos locales<\/strong>. Uno de los hitos recientes fue el <strong>I Festival Deportivo de Bicentenario<\/strong>, organizado con el apoyo del <strong>IDER<\/strong>. Este evento no solo celebr\u00f3 el talento de los participantes, sino que tambi\u00e9n promovi\u00f3 el esp\u00edritu deportivo en toda la comunidad, con la participaci\u00f3n de 10 equipos invitados.<\/p>\n\n\n\n<p><strong>Un esfuerzo colectivo<\/strong><\/p>\n\n\n\n<p>Este impacto ha sido posible gracias al trabajo colaborativo de la <strong>Fundaci\u00f3n Santo Domingo<\/strong> con actores locales como el <strong>Club Deportivo Ciudad del Bicentenario<\/strong>, el <strong>Parque Bicentenario<\/strong> y el conjunto residencial <strong>Parques de Bol\u00edvar 4<\/strong>, que han puesto a disposici\u00f3n sus instalaciones para la pr\u00e1ctica del deporte.<\/p>\n\n\n\n<p><strong>Un modelo de transformaci\u00f3n social<\/strong><\/p>\n\n\n\n<p>El proyecto \u201cEl deporte, la recreaci\u00f3n y el arte como herramientas de vida\u201d es un ejemplo del poder transformador de las iniciativas comunitarias. Con el deporte como eje central, el programa no solo fomenta h\u00e1bitos saludables, sino que tambi\u00e9n contribuye a la construcci\u00f3n de una comunidad m\u00e1s unida, resiliente y llena de oportunidades para los j\u00f3venes del Megabarrio Bicentenario. Con iniciativas como esta, la Fundaci\u00f3n Santo Domingo reafirma su compromiso con el desarrollo integral de las comunidades, promoviendo espacios donde los j\u00f3venes puedan so\u00f1ar, crecer y construir un futuro lleno de posibilidades.<\/p>\n","protected":false},"excerpt":{"rendered":"<p>Fundaci\u00f3n Santo Domingo lidera un proyecto que fortalece la comunidad y promueve h\u00e1bitos de vida saludables<\/p>\n","protected":false},"author":2,"featured_media":7733,"comment_status":"closed","ping_status":"closed","sticky":false,"template":"","format":"standard","meta":{"om_disable_all_campaigns":false,"_monsterinsights_skip_tracking":false,"_monsterinsights_sitenote_active":false,"_monsterinsights_sitenote_note":"","_monsterinsights_sitenote_category":0,"footnotes":""},"categories":[106,102],"tags":[373],"class_list":["post-7732","post","type-post","status-publish","format-standard","has-post-thumbnail","hentry","category-deporte","category-generales","tag-fundacion-santo-domingo"],"_links":{"self":[{"href":"https:\/\/cartagenaaldia.com\/index.php\/wp-json\/wp\/v2\/posts\/7732","targetHints":{"allow":["GET"]}}],"collection":[{"href":"https:\/\/cartagenaaldia.com\/index.php\/wp-json\/wp\/v2\/posts"}],"about":[{"href":"https:\/\/cartagenaaldia.com\/index.php\/wp-json\/wp\/v2\/types\/post"}],"author":[{"embeddable":true,"href":"https:\/\/cartagenaaldia.com\/index.php\/wp-json\/wp\/v2\/users\/2"}],"replies":[{"embeddable":true,"href":"https:\/\/cartagenaaldia.com\/index.php\/wp-json\/wp\/v2\/comments?post=7732"}],"version-history":[{"count":1,"href":"https:\/\/cartagenaaldia.com\/index.php\/wp-json\/wp\/v2\/posts\/7732\/revisions"}],"predecessor-version":[{"id":7734,"href":"https:\/\/cartagenaaldia.com\/index.php\/wp-json\/wp\/v2\/posts\/7732\/revisions\/7734"}],"wp:featuredmedia":[{"embeddable":true,"href":"https:\/\/cartagenaaldia.com\/index.php\/wp-json\/wp\/v2\/media\/7733"}],"wp:attachment":[{"href":"https:\/\/cartagenaaldia.com\/index.php\/wp-json\/wp\/v2\/media?parent=7732"}],"wp:term":[{"taxonomy":"category","embeddable":true,"href":"https:\/\/cartagenaaldia.com\/index.php\/wp-json\/wp\/v2\/categories?post=7732"},{"taxonomy":"post_tag","embeddable":true,"href":"https:\/\/cartagenaaldia.com\/index.php\/wp-json\/wp\/v2\/tags?post=7732"}],"curies":[{"name":"wp","href":"https:\/\/api.w.org\/{rel}","templated":true}]}}