{"id":7730,"date":"2024-12-13T20:43:45","date_gmt":"2024-12-14T01:43:45","guid":{"rendered":"https:\/\/cartagenaaldia.com\/?p=7730"},"modified":"2024-12-13T20:43:46","modified_gmt":"2024-12-14T01:43:46","slug":"el-mar-como-inspiracion-la-orquesta-sinfonica-de-cartagena-inaugura-el-xix-cartagena-festival-de-musica","status":"publish","type":"post","link":"https:\/\/cartagenaaldia.com\/index.php\/2024\/12\/13\/el-mar-como-inspiracion-la-orquesta-sinfonica-de-cartagena-inaugura-el-xix-cartagena-festival-de-musica\/","title":{"rendered":"El mar como inspiraci\u00f3n: la Orquesta Sinf\u00f3nica de Cartagena inaugura el XIX Cartagena Festival de M\u00fasica"},"content":{"rendered":"\n<p><strong>Sala Redacci\u00f3n (IA). &#8211;<\/strong> El mar, eterno s\u00edmbolo de intercambio cultural y fuente inagotable de inspiraci\u00f3n, ser\u00e1 el eje central del <strong>XIX Cartagena Festival de M\u00fasica<\/strong> y, como parte de su programaci\u00f3n, la <strong>Orquesta Sinf\u00f3nica de Cartagena (OSC)<\/strong> ofrecer\u00e1 el concierto inaugural <strong>Los relatos del mar<\/strong>. Este espect\u00e1culo, dirigido por la talentosa <strong>Paola \u00c1vila<\/strong>, llevar\u00e1 al p\u00fablico en un viaje musical que cruza continentes, conectando las melod\u00edas cl\u00e1sicas de <strong>Bizet<\/strong> y <strong>Rossini<\/strong> con la riqueza sonora de compositores colombianos como <strong>Adolfo Mej\u00eda<\/strong> y <strong>Petronio \u00c1lvarez<\/strong>.<\/p>\n\n\n\n<p>El evento tendr\u00e1 lugar en la ic\u00f3nica <strong>Plaza de la Aduana<\/strong> y contar\u00e1 con solistas invitados tanto de Italia como de Colombia, reafirmando el papel de la m\u00fasica como puente entre culturas.<\/p>\n\n\n\n<p><strong>Un repertorio que celebra la diversidad cultural<\/strong><\/p>\n\n\n\n<p>El concierto inaugural ser\u00e1 una oportunidad para que la OSC comparta con el p\u00fablico una selecci\u00f3n de piezas que exploran la influencia del mar como elemento inspirador y veh\u00edculo de conexi\u00f3n cultural. Obras como la &#8220;Obertura de <em>Guillermo Tell<\/em>&#8221; de Rossini o el &#8220;Intermezzo de <em>Carmen<\/em>&#8221; de Bizet se unir\u00e1n a tesoros colombianos como la suite <em>Acuarelas<\/em> de Mej\u00eda y <em>Mi Buenaventura<\/em> de Petronio \u00c1lvarez, en un espect\u00e1culo que promete cautivar a los asistentes.<\/p>\n\n\n\n<p>El <strong>XIX Cartagena Festival de M\u00fasica<\/strong>, titulado <strong>El canto del mar<\/strong>, reunir\u00e1 a m\u00fasicos de todo el mundo en un homenaje a la relaci\u00f3n entre la m\u00fasica y las historias que surgen de los oc\u00e9anos.<\/p>\n\n\n\n<p><strong>Programas sociales y educativos: impacto m\u00e1s all\u00e1 del escenario<\/strong><\/p>\n\n\n\n<p>En 2024, la OSC no solo brill\u00f3 con su temporada tem\u00e1tica <strong>Los relatos del mar<\/strong>, sino que tambi\u00e9n lider\u00f3 importantes iniciativas que impactaron profundamente a la comunidad.<\/p>\n\n\n\n<p><strong>Armon\u00eda en progreso: m\u00fasica como herramienta de transformaci\u00f3n<\/strong><\/p>\n\n\n\n<p>En alianza con <strong>Promigas<\/strong>, <strong>Surtigas<\/strong> y <strong>SPEC LNG<\/strong>, la OSC consolid\u00f3 el programa <strong>Armon\u00eda en progreso<\/strong>, que benefici\u00f3 a cerca de 50 j\u00f3venes de la <strong>Instituci\u00f3n Educativa T\u00e9cnica de La Boquilla<\/strong>. Este programa transform\u00f3 el conjunto musical del colegio en dos agrupaciones formales:<\/p>\n\n\n\n<ul class=\"wp-block-list\">\n<li><strong>Boquilla Band<\/strong>, una banda sinf\u00f3nica de vientos.<\/li>\n\n\n\n<li><strong>Boquilla Jazz Band<\/strong>, un ensamble de jazz que explora ritmos contempor\u00e1neos.<\/li>\n<\/ul>\n\n\n\n<p>Estas agrupaciones no solo fortalecieron las habilidades t\u00e9cnicas de los participantes, sino que tambi\u00e9n promovieron valores como el trabajo en equipo y la disciplina, generando un impacto positivo en sus vidas y en la comunidad.<\/p>\n\n\n\n<p><strong>Residencias art\u00edsticas para j\u00f3venes m\u00fasicos<\/strong><\/p>\n\n\n\n<p>La OSC organiz\u00f3 dos residencias art\u00edsticas en 2024, ofreciendo a j\u00f3venes m\u00fasicos la oportunidad de perfeccionar sus habilidades bajo la gu\u00eda de destacados profesionales nacionales e internacionales. Estas actividades complementaron la formaci\u00f3n t\u00e9cnica de los participantes y contribuyeron a su desarrollo profesional.<\/p>\n\n\n\n<p><strong>Desde 2016: un legado de excelencia musical y compromiso social<\/strong><\/p>\n\n\n\n<p>Desde su fundaci\u00f3n en 2016 por la <strong>Fundaci\u00f3n Salvi<\/strong>, la OSC ha trabajado incansablemente para ofrecer a j\u00f3venes m\u00fasicos una educaci\u00f3n integral que combina excelencia art\u00edstica con desarrollo personal. Este enfoque ha permitido que la orquesta se convierta en un referente de calidad y transformaci\u00f3n en Cartagena.<\/p>\n\n\n\n<p>Este impacto ha sido posible gracias al respaldo de instituciones como el <strong>Ministerio de las Culturas, las Artes y los Saberes<\/strong>, la <strong>Fundaci\u00f3n Nacional Batuta<\/strong>, la <strong>Alcald\u00eda de Cartagena<\/strong> a trav\u00e9s del <strong>Instituto de Patrimonio y Cultura de Cartagena de Indias<\/strong>, y la <strong>Universidad de Cartagena<\/strong>. Adem\u00e1s, aliados como <strong>Promigas<\/strong>, <strong>Surtigas<\/strong>, <strong>SPEC LNG<\/strong>, <strong>Ecopetrol<\/strong>, <strong>Whitman<\/strong>, <strong>Arturo Calle<\/strong>, la <strong>Orquesta Sinf\u00f3nica Nacional de Colombia<\/strong>, y medios como <strong>RCN<\/strong>, <strong>El Universal<\/strong> y <strong>UdC Radio<\/strong>, han sido fundamentales para garantizar la continuidad de este proyecto.<\/p>\n\n\n\n<p><strong>Mirando hacia el futuro<\/strong><\/p>\n\n\n\n<p>Con el inicio del <strong>XIX Cartagena Festival de M\u00fasica<\/strong>, la OSC no solo celebra un a\u00f1o de logros, sino que reafirma su compromiso con la cultura, la educaci\u00f3n y la comunidad. Este concierto inaugural ser\u00e1 un hito en la temporada 2025, marcando un inicio prometedor para una orquesta que sigue llevando la m\u00fasica a todos los rincones de Cartagena, inspirando a nuevas generaciones y fortaleciendo el tejido cultural de la ciudad. Los relatos del mar, como el canto de las olas, son infinitos, y la <strong>Orquesta Sinf\u00f3nica de Cartagena<\/strong> est\u00e1 lista para seguir contando estas historias a trav\u00e9s de su m\u00fasica.<\/p>\n","protected":false},"excerpt":{"rendered":"<p>La Plaza de la Aduana vibrar\u00e1 con Los relatos del mar el pr\u00f3ximo 12 de enero<\/p>\n","protected":false},"author":2,"featured_media":7725,"comment_status":"closed","ping_status":"closed","sticky":false,"template":"","format":"standard","meta":{"om_disable_all_campaigns":false,"_monsterinsights_skip_tracking":false,"_monsterinsights_sitenote_active":false,"_monsterinsights_sitenote_note":"","_monsterinsights_sitenote_category":0,"footnotes":""},"categories":[107,102],"tags":[360,446,614,537,199],"class_list":["post-7730","post","type-post","status-publish","format-standard","has-post-thumbnail","hentry","category-cultura","category-generales","tag-cartagena-festival-musica","tag-fundacion-promigas","tag-fundacion-salvi","tag-orquesta-sinfonica-cartagena","tag-promigas"],"_links":{"self":[{"href":"https:\/\/cartagenaaldia.com\/index.php\/wp-json\/wp\/v2\/posts\/7730","targetHints":{"allow":["GET"]}}],"collection":[{"href":"https:\/\/cartagenaaldia.com\/index.php\/wp-json\/wp\/v2\/posts"}],"about":[{"href":"https:\/\/cartagenaaldia.com\/index.php\/wp-json\/wp\/v2\/types\/post"}],"author":[{"embeddable":true,"href":"https:\/\/cartagenaaldia.com\/index.php\/wp-json\/wp\/v2\/users\/2"}],"replies":[{"embeddable":true,"href":"https:\/\/cartagenaaldia.com\/index.php\/wp-json\/wp\/v2\/comments?post=7730"}],"version-history":[{"count":1,"href":"https:\/\/cartagenaaldia.com\/index.php\/wp-json\/wp\/v2\/posts\/7730\/revisions"}],"predecessor-version":[{"id":7731,"href":"https:\/\/cartagenaaldia.com\/index.php\/wp-json\/wp\/v2\/posts\/7730\/revisions\/7731"}],"wp:featuredmedia":[{"embeddable":true,"href":"https:\/\/cartagenaaldia.com\/index.php\/wp-json\/wp\/v2\/media\/7725"}],"wp:attachment":[{"href":"https:\/\/cartagenaaldia.com\/index.php\/wp-json\/wp\/v2\/media?parent=7730"}],"wp:term":[{"taxonomy":"category","embeddable":true,"href":"https:\/\/cartagenaaldia.com\/index.php\/wp-json\/wp\/v2\/categories?post=7730"},{"taxonomy":"post_tag","embeddable":true,"href":"https:\/\/cartagenaaldia.com\/index.php\/wp-json\/wp\/v2\/tags?post=7730"}],"curies":[{"name":"wp","href":"https:\/\/api.w.org\/{rel}","templated":true}]}}