{"id":7712,"date":"2024-12-13T19:27:21","date_gmt":"2024-12-14T00:27:21","guid":{"rendered":"https:\/\/cartagenaaldia.com\/?p=7712"},"modified":"2024-12-13T19:27:22","modified_gmt":"2024-12-14T00:27:22","slug":"surtigas-obtiene-el-sello-oro-equipares-por-su-compromiso-con-la-igualdad-de-genero","status":"publish","type":"post","link":"https:\/\/cartagenaaldia.com\/index.php\/2024\/12\/13\/surtigas-obtiene-el-sello-oro-equipares-por-su-compromiso-con-la-igualdad-de-genero\/","title":{"rendered":"Surtigas obtiene el Sello Oro Equipares por su compromiso con la igualdad de g\u00e9nero"},"content":{"rendered":"\n<p><strong>Sala Redacci\u00f3n (IA).<\/strong> \u2013 Surtigas, filial de Promigas, ha sido reconocida como la primera Empresa de Servicios P\u00fablicos (E.S.P.) del Caribe colombiano en recibir el <strong>Sello Oro Equipares<\/strong>, otorgado por el Ministerio del Trabajo, la Consejer\u00eda Presidencial para la Equidad de la Mujer (CPEM) y el Programa de Naciones Unidas para el Desarrollo (PNUD). Este logro destaca su compromiso con la implementaci\u00f3n de un <strong>Sistema de Gesti\u00f3n de Igualdad de G\u00e9nero<\/strong> y sus buenas pr\u00e1cticas laborales.<\/p>\n\n\n\n<p><strong>Un reconocimiento a la excelencia<\/strong><\/p>\n\n\n\n<p>El <strong>Sello Oro Equipares<\/strong> se concede a Surtigas tras obtener una calificaci\u00f3n del 99,87% en la auditor\u00eda realizada por ICONTEC. La evaluaci\u00f3n reconoci\u00f3 la excelencia de la compa\u00f1\u00eda en \u00e1reas clave como:<\/p>\n\n\n\n<ul class=\"wp-block-list\">\n<li>Reclutamiento y selecci\u00f3n inclusiva.<\/li>\n\n\n\n<li>Promoci\u00f3n y desarrollo profesional.<\/li>\n\n\n\n<li>Formaci\u00f3n continua y equidad en la remuneraci\u00f3n.<\/li>\n\n\n\n<li>Calidad de vida y conciliaci\u00f3n laboral-familiar.<\/li>\n\n\n\n<li>Prevenci\u00f3n del acoso laboral y sexual.<\/li>\n\n\n\n<li>Creaci\u00f3n de un ambiente de trabajo respetuoso e inclusivo.<\/li>\n<\/ul>\n\n\n\n<p>\u201cEste reconocimiento es el resultado de nuestras acciones basadas en una cultura organizacional madura donde se construyen relaciones confiables y respetuosas en la diversidad, propiciando entornos m\u00e1s incluyentes con los distintos grupos de inter\u00e9s con los que interactuamos,\u201d afirm\u00f3 <strong>Santiago Mej\u00eda<\/strong>, Gerente General de Surtigas.<\/p>\n\n\n\n<p><strong>Un camino de liderazgo en igualdad<\/strong><\/p>\n\n\n\n<p>El hito alcanzado en 2024 no es aislado. En 2021, Surtigas se convirti\u00f3 en la primera distribuidora de servicios p\u00fablicos de la regi\u00f3n Caribe y la segunda en Colombia en obtener el <strong>Sello Plata Equipares<\/strong>, marcando un precedente para el sector. Este nuevo logro reafirma su posici\u00f3n como l\u00edder en la promoci\u00f3n de la igualdad de g\u00e9nero y en la construcci\u00f3n de espacios laborales equitativos.<\/p>\n\n\n\n<p><strong>Impacto en la regi\u00f3n<\/strong><\/p>\n\n\n\n<p>Este reconocimiento subraya la importancia de la igualdad de g\u00e9nero no solo como un objetivo social, sino tambi\u00e9n como una estrategia clave para el desarrollo organizacional y comunitario. <strong>Equipares<\/strong> es una herramienta impulsada por el PNUD y el Gobierno Nacional que busca transformar las din\u00e1micas laborales en sectores estrat\u00e9gicos, logrando mayor inclusi\u00f3n y oportunidades para todas las personas.<\/p>\n\n\n\n<p><strong>El compromiso contin\u00faa<\/strong><\/p>\n\n\n\n<p>Surtigas reafirma su compromiso con la sostenibilidad y el bienestar de sus colaboradores y comunidades. La empresa seguir\u00e1 trabajando en la implementaci\u00f3n de pol\u00edticas innovadoras que impulsen la equidad, promuevan el respeto y generen cambios positivos en el entorno empresarial del Caribe colombiano. Este reconocimiento no solo destaca a Surtigas como un referente en la gesti\u00f3n inclusiva, sino que tambi\u00e9n refleja el impacto transformador que puede lograrse cuando las organizaciones adoptan un enfoque firme hacia la igualdad y la diversidad.<\/p>\n","protected":false},"excerpt":{"rendered":"<p>Surtigas ha sido reconocida como la primera Empresa de Servicios P\u00fablicos (E.S.P.) del Caribe colombiano en recibir el Sello Oro Equipares, otorgado por el Ministerio del Trabajo<\/p>\n","protected":false},"author":2,"featured_media":7713,"comment_status":"closed","ping_status":"closed","sticky":false,"template":"","format":"standard","meta":{"om_disable_all_campaigns":false,"_monsterinsights_skip_tracking":false,"_monsterinsights_sitenote_active":false,"_monsterinsights_sitenote_note":"","_monsterinsights_sitenote_category":0,"footnotes":""},"categories":[103,102],"tags":[446,354,199,131],"class_list":["post-7712","post","type-post","status-publish","format-standard","has-post-thumbnail","hentry","category-economia","category-generales","tag-fundacion-promigas","tag-mintrabajo","tag-promigas","tag-surtigas"],"_links":{"self":[{"href":"https:\/\/cartagenaaldia.com\/index.php\/wp-json\/wp\/v2\/posts\/7712","targetHints":{"allow":["GET"]}}],"collection":[{"href":"https:\/\/cartagenaaldia.com\/index.php\/wp-json\/wp\/v2\/posts"}],"about":[{"href":"https:\/\/cartagenaaldia.com\/index.php\/wp-json\/wp\/v2\/types\/post"}],"author":[{"embeddable":true,"href":"https:\/\/cartagenaaldia.com\/index.php\/wp-json\/wp\/v2\/users\/2"}],"replies":[{"embeddable":true,"href":"https:\/\/cartagenaaldia.com\/index.php\/wp-json\/wp\/v2\/comments?post=7712"}],"version-history":[{"count":1,"href":"https:\/\/cartagenaaldia.com\/index.php\/wp-json\/wp\/v2\/posts\/7712\/revisions"}],"predecessor-version":[{"id":7714,"href":"https:\/\/cartagenaaldia.com\/index.php\/wp-json\/wp\/v2\/posts\/7712\/revisions\/7714"}],"wp:featuredmedia":[{"embeddable":true,"href":"https:\/\/cartagenaaldia.com\/index.php\/wp-json\/wp\/v2\/media\/7713"}],"wp:attachment":[{"href":"https:\/\/cartagenaaldia.com\/index.php\/wp-json\/wp\/v2\/media?parent=7712"}],"wp:term":[{"taxonomy":"category","embeddable":true,"href":"https:\/\/cartagenaaldia.com\/index.php\/wp-json\/wp\/v2\/categories?post=7712"},{"taxonomy":"post_tag","embeddable":true,"href":"https:\/\/cartagenaaldia.com\/index.php\/wp-json\/wp\/v2\/tags?post=7712"}],"curies":[{"name":"wp","href":"https:\/\/api.w.org\/{rel}","templated":true}]}}