{"id":7613,"date":"2024-12-04T21:56:28","date_gmt":"2024-12-05T02:56:28","guid":{"rendered":"https:\/\/cartagenaaldia.com\/?p=7613"},"modified":"2024-12-04T21:56:28","modified_gmt":"2024-12-05T02:56:28","slug":"sena-bolivar-logros-destacados-en-educacion-empleabilidad-y-emprendimiento-durante-2023-2024","status":"publish","type":"post","link":"https:\/\/cartagenaaldia.com\/index.php\/2024\/12\/04\/sena-bolivar-logros-destacados-en-educacion-empleabilidad-y-emprendimiento-durante-2023-2024\/","title":{"rendered":"SENA Bol\u00edvar: Logros destacados en educaci\u00f3n, empleabilidad y emprendimiento durante 2023-2024"},"content":{"rendered":"\n<p>Sala Redacci\u00f3n (IA). &#8211; El SENA Bol\u00edvar llev\u00f3 a cabo su Audiencia P\u00fablica de Rendici\u00f3n de Cuentas correspondiente a la vigencia 2023-2024, resaltando los resultados alcanzados entre el 1 de octubre de 2023 y el 30 de septiembre de 2024. El evento, liderado por el director regional Jaime Torrado Casadiegos, se realiz\u00f3 en el auditorio de la Casa del Marqu\u00e9s con participaci\u00f3n presencial y transmisi\u00f3n en vivo a trav\u00e9s de Facebook (@senabolivaroficial), ampliando el acceso para la ciudadan\u00eda.<\/p>\n\n\n\n<p><strong>Formaci\u00f3n profesional: Impacto masivo en la regi\u00f3n<\/strong><\/p>\n\n\n\n<p>Durante este periodo, el SENA Bol\u00edvar continu\u00f3 su labor de formaci\u00f3n profesional integral, atendiendo a 425.663 aprendices en los 46 municipios del departamento, lo que suma un total de 947.817 personas capacitadas desde 2023.<\/p>\n\n\n\n<p>\u2022 Doble titulaci\u00f3n: En 2024, 23.434 estudiantes de instituciones educativas accedieron a esta modalidad, superando los 22.494 formados en 2023.<\/p>\n\n\n\n<p>\u2022 Contratos de aprendizaje: Se logr\u00f3 la vinculaci\u00f3n de 11.790 aprendices en empresas del departamento, mejorando las cifras de 2023 (11.465).<\/p>\n\n\n\n<p><strong>Certificaci\u00f3n de Competencias Laborales<\/strong><\/p>\n\n\n\n<p>El SENA Bol\u00edvar fortaleci\u00f3 sus procesos de certificaci\u00f3n con importantes resultados:<\/p>\n\n\n\n<p>\u2022 2023: 7.304 certificaciones emitidas a 4.909 personas.<\/p>\n\n\n\n<p>\u2022 2024: Has<\/p>\n\n\n\n<p>ta septiembre, se expidieron 3.564 certificaciones para 2.582 participantes.<\/p>\n\n\n\n<p>Se destacaron iniciativas como:<\/p>\n\n\n\n<p>\u2022 Mujer Caribe: 49 mujeres de Palenque y Cartagena fueron certificadas en est\u00e9tica capilar.<\/p>\n\n\n\n<p>\u2022 Certificat\u00f3n CampeSENA: 625 campesinos se certificaron en normas agr\u00edcolas, sumando un total de 1.377 campesinos beneficiados en dos a\u00f1os.<\/p>\n\n\n\n<p><strong>Empleabilidad y emprendimiento<\/strong><\/p>\n\n\n\n<p>La Agencia P\u00fablica de Empleo en Bol\u00edvar logr\u00f3 colocar a 7.600 personas en vacantes laborales y orient\u00f3 a 44.581 ciudadanos, priorizando poblaciones vulnerables como mujeres, j\u00f3venes, v\u00edctimas del conflicto, comunidad LGBTIQ y personas con discapacidad.<\/p>\n\n\n\n<p>En el \u00e1mbito del emprendimiento:<\/p>\n\n\n\n<p>\u2022 Fondo Emprender: Facilit\u00f3 la creaci\u00f3n de 52 nuevas empresas que generaron 196 empleos directos y un n\u00famero mayor de empleos indirectos.<\/p>\n\n\n\n<p><strong>Iniciativas destacadas<\/strong><\/p>\n\n\n\n<p><strong>CampeSENA:<\/strong><\/p>\n\n\n\n<p>\u2022 Formaci\u00f3n de 277 campesinos en construcci\u00f3n de pavimento con placa huella para v\u00edas terciarias.<\/p>\n\n\n\n<p>\u2022 Alianzas con la Asociaci\u00f3n Nacional de Usuarios Campesinos (ANUC) y empresas como Cementos Argos para la ejecuci\u00f3n de proyectos de infraestructura vial.<\/p>\n\n\n\n<p><strong>Econom\u00eda Popular:<\/strong><\/p>\n\n\n\n<p>\u2022 Caracterizaci\u00f3n de comerciantes y vendedores informales mediante visitas, mesas de trabajo y eventos como \u201cEl turismo en la Econom\u00eda Popular\u201d, que reuni\u00f3 a 120 participantes, incluidos cocheros y taxistas.<\/p>\n\n\n\n<p><strong>Inversiones en infraestructura<\/strong><\/p>\n\n\n\n<p>El SENA Bol\u00edvar realiz\u00f3 importantes mejoras en infraestructura, incluyendo:<\/p>\n\n\n\n<p>\u2022 La nueva sede en Magangu\u00e9.<\/p>\n\n\n\n<p>\u2022 Un laboratorio especializado de soldadura en el Centro N\u00e1utico en alianza con KOIKA.<\/p>\n\n\n\n<p>\u2022 Adecuaciones en el Tecnoparque Nodo Bol\u00edvar y otros centros de formaci\u00f3n.<\/p>\n\n\n\n<p><strong>Compromiso con el desarrollo regional<\/strong><\/p>\n\n\n\n<p>El director regional Jaime Torrado Casadiegos destac\u00f3 la importancia de estas acciones:<\/p>\n\n\n\n<p>&#8220;Estos logros son el resultado del compromiso del SENA Bol\u00edvar con el desarrollo de nuestra regi\u00f3n, fortaleciendo la educaci\u00f3n, el empleo y el emprendimiento&#8221;.<\/p>\n\n\n\n<p>Con estas iniciativas, el SENA Bol\u00edvar reafirma su papel como motor de transformaci\u00f3n social y econ\u00f3mica, brindando oportunidades a miles de bolivarenses para mejorar su calidad de vida y contribuir al progreso del departamento.<\/p>\n","protected":false},"excerpt":{"rendered":"<p>La Regional Bol\u00edvar present\u00f3 su Audiencia P\u00fablica de Rendici\u00f3n de Cuentas destacando avances en formaci\u00f3n profesional, certificaci\u00f3n laboral, empleabilidad y emprendimiento<\/p>\n","protected":false},"author":2,"featured_media":7615,"comment_status":"closed","ping_status":"closed","sticky":false,"template":"","format":"standard","meta":{"om_disable_all_campaigns":false,"_monsterinsights_skip_tracking":false,"_monsterinsights_sitenote_active":false,"_monsterinsights_sitenote_note":"","_monsterinsights_sitenote_category":0,"footnotes":""},"categories":[112,102],"tags":[125],"class_list":["post-7613","post","type-post","status-publish","format-standard","has-post-thumbnail","hentry","category-educacion","category-generales","tag-sena"],"_links":{"self":[{"href":"https:\/\/cartagenaaldia.com\/index.php\/wp-json\/wp\/v2\/posts\/7613","targetHints":{"allow":["GET"]}}],"collection":[{"href":"https:\/\/cartagenaaldia.com\/index.php\/wp-json\/wp\/v2\/posts"}],"about":[{"href":"https:\/\/cartagenaaldia.com\/index.php\/wp-json\/wp\/v2\/types\/post"}],"author":[{"embeddable":true,"href":"https:\/\/cartagenaaldia.com\/index.php\/wp-json\/wp\/v2\/users\/2"}],"replies":[{"embeddable":true,"href":"https:\/\/cartagenaaldia.com\/index.php\/wp-json\/wp\/v2\/comments?post=7613"}],"version-history":[{"count":2,"href":"https:\/\/cartagenaaldia.com\/index.php\/wp-json\/wp\/v2\/posts\/7613\/revisions"}],"predecessor-version":[{"id":7616,"href":"https:\/\/cartagenaaldia.com\/index.php\/wp-json\/wp\/v2\/posts\/7613\/revisions\/7616"}],"wp:featuredmedia":[{"embeddable":true,"href":"https:\/\/cartagenaaldia.com\/index.php\/wp-json\/wp\/v2\/media\/7615"}],"wp:attachment":[{"href":"https:\/\/cartagenaaldia.com\/index.php\/wp-json\/wp\/v2\/media?parent=7613"}],"wp:term":[{"taxonomy":"category","embeddable":true,"href":"https:\/\/cartagenaaldia.com\/index.php\/wp-json\/wp\/v2\/categories?post=7613"},{"taxonomy":"post_tag","embeddable":true,"href":"https:\/\/cartagenaaldia.com\/index.php\/wp-json\/wp\/v2\/tags?post=7613"}],"curies":[{"name":"wp","href":"https:\/\/api.w.org\/{rel}","templated":true}]}}