{"id":7591,"date":"2024-12-04T11:50:10","date_gmt":"2024-12-04T16:50:10","guid":{"rendered":"https:\/\/cartagenaaldia.com\/?p=7591"},"modified":"2024-12-04T19:08:37","modified_gmt":"2024-12-05T00:08:37","slug":"ipcc-abre-convocatoria-para-elegir-consejeros-de-areas-artisticas-en-cartagena","status":"publish","type":"post","link":"https:\/\/cartagenaaldia.com\/index.php\/2024\/12\/04\/ipcc-abre-convocatoria-para-elegir-consejeros-de-areas-artisticas-en-cartagena\/","title":{"rendered":"IPCC Abre Convocatoria para Elegir Consejeros de \u00c1reas Art\u00edsticas en Cartagena"},"content":{"rendered":"\n<p>Sala Redacci\u00f3n (IA). &#8211; El Instituto de Patrimonio y Cultura de Cartagena de Indias (IPCC) ha lanzado una convocatoria para la conformaci\u00f3n de los Consejos de \u00c1reas Art\u00edsticas del Distrito, que estar\u00e1n activos desde diciembre de 2024 hasta diciembre de 2026.  Estos consejos, integrados por representantes de diversas disciplinas art\u00edsticas y culturales, ser\u00e1n claves para garantizar la participaci\u00f3n ciudadana en la formulaci\u00f3n de pol\u00edticas, planes y programas culturales en la ciudad.<\/p>\n\n\n\n<p><strong>\u00c1reas art\u00edsticas convocadas<\/strong><\/p>\n\n\n\n<p>La convocatoria est\u00e1 abierta para las siguientes \u00e1reas: <\/p>\n\n\n\n<p>&#8211; Artes Musicales <\/p>\n\n\n\n<p>&#8211; Artes Danzarias <\/p>\n\n\n\n<p>&#8211; Arte Dram\u00e1tico <\/p>\n\n\n\n<p>&#8211; Artes Pl\u00e1sticas y Visuales <\/p>\n\n\n\n<p>&#8211; Artes Cinematogr\u00e1ficas, Audiovisuales y Medios Interactivos <\/p>\n\n\n\n<p>&#8211; Artesanos <\/p>\n\n\n\n<p><strong>Fechas y proceso de inscripci\u00f3n  <\/strong><\/p>\n\n\n\n<p>La convocatoria estar\u00e1 abierta desde el martes 3 hasta el viernes 6 de diciembre a las 3:00 p.m. Los interesados deber\u00e1n inscribirse a trav\u00e9s del formulario en l\u00ednea disponible en la p\u00e1gina oficial del IPCC: [<a href=\"http:\/\/convocatorias.ipcc.gov.co\" target=\"_blank\" rel=\"noreferrer noopener\">convocatorias.ipcc.gov.co<\/a>](<a href=\"https:\/\/convocatorias.ipcc.gov.co\/convocatorias\/convocatoria-para-la-conformacion-de-los-consejos-de-area-del-distrito-de-cartagena\">https:\/\/convocatorias.ipcc.gov.co\/convocatorias\/convocatoria-para-la-<\/a><a href=\"https:\/\/convocatorias.ipcc.gov.co\/convocatorias\/convocatoria-para-la-conformacion-de-los-consejos-de-area-del-distrito-de-cartagena\" target=\"_blank\" rel=\"noreferrer noopener\">conformacion<\/a><a href=\"https:\/\/convocatorias.ipcc.gov.co\/convocatorias\/convocatoria-para-la-conformacion-de-los-consejos-de-area-del-distrito-de-cartagena\">-de-los-consejos-de-area-del-distrito-de-cartagena<\/a>).<\/p>\n\n\n\n<p>En este enlace, los postulantes podr\u00e1n consultar los requisitos y condiciones para participar, ya sea como consejeros distritales o asamble\u00edstas.<\/p>\n\n\n\n<p><strong>Modalidades de participaci\u00f3n<\/strong><\/p>\n\n\n\n<p><strong>1. Consejeros distritales:<\/strong> Los postulantes deben acreditar una trayectoria m\u00ednima de tres a\u00f1os en la respectiva \u00e1rea art\u00edstica y cumplir con los requisitos establecidos en la convocatoria.  <\/p>\n\n\n\n<p><strong>2. Asamble\u00edstas:<\/strong> Artistas con al menos un a\u00f1o de residencia en Cartagena, quienes tendr\u00e1n derecho a participar en la votaci\u00f3n para elegir a los consejeros.<\/p>\n\n\n\n<p><strong>Asamblea general y elecci\u00f3n<\/strong><\/p>\n\n\n\n<p>La elecci\u00f3n de los consejeros se llevar\u00e1 a cabo en una asamblea general, p\u00fablica y presencial, organizada por el IPCC. Durante este encuentro, los postulantes ser\u00e1n elegidos por mayor\u00eda simple dentro de cada subsector art\u00edstico.  <\/p>\n\n\n\n<p>Seg\u00fan lo establecido en el Decreto 1305 de 2017, cada consejo estar\u00e1 compuesto por un m\u00ednimo de siete y un m\u00e1ximo de nueve integrantes, distribuidos entre representantes del IPCC, agentes y organizaciones culturales, centros de estudio especializados, y sectores de producci\u00f3n y servicios culturales. <\/p>\n\n\n\n<p><strong>Impacto de los Consejos de \u00c1reas Art\u00edsticas<\/strong><\/p>\n\n\n\n<p>Lucy Espinosa, directora del IPCC, destac\u00f3 que estos consejos forman parte del Sistema Distrital de Cultura y est\u00e1n regulados por la Ley 397 de 1997.<\/p>\n\n\n\n<p>\u201cSu creaci\u00f3n no solo fortalece la participaci\u00f3n ciudadana, sino que tambi\u00e9n asegura que las pol\u00edticas culturales sean incluyentes, democr\u00e1ticas y alineadas con las necesidades reales de los sectores art\u00edsticos de Cartagena\u201d. <\/p>\n\n\n\n<p>Los consejos ser\u00e1n espacios de concertaci\u00f3n entre el Estado y la sociedad civil, con la misi\u00f3n de asesorar al gobierno distrital en la formulaci\u00f3n y ejecuci\u00f3n de pol\u00edticas culturales que fomenten el desarrollo y la sostenibilidad del sector.<\/p>\n\n\n\n<p><strong>Un llamado a la comunidad art\u00edstica <\/strong><\/p>\n\n\n\n<p>El IPCC invita a todos los artistas y gestores culturales de Cartagena a participar en esta convocatoria y contribuir al fortalecimiento del tejido cultural de la ciudad. La participaci\u00f3n en estos organismos no solo es una oportunidad para influir en la pol\u00edtica cultural, sino tambi\u00e9n para consolidar el legado art\u00edstico de Cartagena como patrimonio de todos.  <\/p>\n\n\n\n<p>Para m\u00e1s informaci\u00f3n, los interesados pueden visitar la p\u00e1gina oficial del IPCC o comunicarse directamente con el instituto.<\/p>\n","protected":false},"excerpt":{"rendered":"<p>Artistas locales podr\u00e1n participar en la selecci\u00f3n de representantes culturales para el periodo 2024-2026<\/p>\n","protected":false},"author":2,"featured_media":7593,"comment_status":"closed","ping_status":"closed","sticky":false,"template":"","format":"standard","meta":{"om_disable_all_campaigns":false,"_monsterinsights_skip_tracking":false,"_monsterinsights_sitenote_active":false,"_monsterinsights_sitenote_note":"","_monsterinsights_sitenote_category":0,"footnotes":""},"categories":[107,102],"tags":[275,193],"class_list":["post-7591","post","type-post","status-publish","format-standard","has-post-thumbnail","hentry","category-cultura","category-generales","tag-alcaldia-cartagena","tag-ipcc"],"_links":{"self":[{"href":"https:\/\/cartagenaaldia.com\/index.php\/wp-json\/wp\/v2\/posts\/7591","targetHints":{"allow":["GET"]}}],"collection":[{"href":"https:\/\/cartagenaaldia.com\/index.php\/wp-json\/wp\/v2\/posts"}],"about":[{"href":"https:\/\/cartagenaaldia.com\/index.php\/wp-json\/wp\/v2\/types\/post"}],"author":[{"embeddable":true,"href":"https:\/\/cartagenaaldia.com\/index.php\/wp-json\/wp\/v2\/users\/2"}],"replies":[{"embeddable":true,"href":"https:\/\/cartagenaaldia.com\/index.php\/wp-json\/wp\/v2\/comments?post=7591"}],"version-history":[{"count":1,"href":"https:\/\/cartagenaaldia.com\/index.php\/wp-json\/wp\/v2\/posts\/7591\/revisions"}],"predecessor-version":[{"id":7592,"href":"https:\/\/cartagenaaldia.com\/index.php\/wp-json\/wp\/v2\/posts\/7591\/revisions\/7592"}],"wp:featuredmedia":[{"embeddable":true,"href":"https:\/\/cartagenaaldia.com\/index.php\/wp-json\/wp\/v2\/media\/7593"}],"wp:attachment":[{"href":"https:\/\/cartagenaaldia.com\/index.php\/wp-json\/wp\/v2\/media?parent=7591"}],"wp:term":[{"taxonomy":"category","embeddable":true,"href":"https:\/\/cartagenaaldia.com\/index.php\/wp-json\/wp\/v2\/categories?post=7591"},{"taxonomy":"post_tag","embeddable":true,"href":"https:\/\/cartagenaaldia.com\/index.php\/wp-json\/wp\/v2\/tags?post=7591"}],"curies":[{"name":"wp","href":"https:\/\/api.w.org\/{rel}","templated":true}]}}