{"id":7528,"date":"2024-11-26T15:19:07","date_gmt":"2024-11-26T20:19:07","guid":{"rendered":"https:\/\/cartagenaaldia.com\/?p=7528"},"modified":"2024-11-26T15:19:08","modified_gmt":"2024-11-26T20:19:08","slug":"gobernacion-de-bolivar-anuncia-creacion-de-la-universidad-montemariana-en-los-montes-de-maria","status":"publish","type":"post","link":"https:\/\/cartagenaaldia.com\/index.php\/2024\/11\/26\/gobernacion-de-bolivar-anuncia-creacion-de-la-universidad-montemariana-en-los-montes-de-maria\/","title":{"rendered":"Gobernaci\u00f3n de Bol\u00edvar anuncia creaci\u00f3n de la Universidad Montemariana en los Montes de Mar\u00eda"},"content":{"rendered":"\n<p>En un hist\u00f3rico avance para la educaci\u00f3n en Bol\u00edvar, el gobernador Yamil Arana Padau\u00ed anunci\u00f3 la radicaci\u00f3n oficial del proyecto para la creaci\u00f3n de la Universidad Montemariana ante el Gobierno Nacional. Esta instituci\u00f3n, que estar\u00e1 ubicada en El Carmen de Bol\u00edvar, busca revolucionar el acceso a la educaci\u00f3n superior en la subregi\u00f3n de los Montes de Mar\u00eda, beneficiando a miles de j\u00f3venes en una regi\u00f3n con grandes desaf\u00edos y potencial.<\/p>\n\n\n\n<p><strong>Un sue\u00f1o que toma forma<\/strong><\/p>\n\n\n\n<p>Arana Padau\u00ed subray\u00f3 la relevancia de este proyecto:<\/p>\n\n\n\n<p>&#8220;Este no es solo un sue\u00f1o para los Montes de Mar\u00eda, es una apuesta por transformar esta regi\u00f3n en un referente educativo, tecnol\u00f3gico y productivo para toda Colombia. La Universidad Montemariana ser\u00e1 un epicentro de innovaci\u00f3n y conocimiento, impulsando el desarrollo de Bol\u00edvar y su gente&#8221;.<\/p>\n\n\n\n<p>El proyecto, presentado ante los ministerios de Tecnolog\u00edas de la Informaci\u00f3n y las Comunicaciones (TIC) y Educaci\u00f3n Nacional, cuenta con el respaldo de la Agencia de Renovaci\u00f3n del Territorio (ART). Durante su visita reciente a El Carmen de Bol\u00edvar, Ra\u00fal Delgado, director de la ART, reafirm\u00f3 el compromiso de cofinanciar la universidad, mientras que el ministro de las TIC, Mauricio Lizcano, asegur\u00f3:<\/p>\n\n\n\n<p>&#8220;Desde el Ministerio, apoyaremos esta iniciativa para garantizar una educaci\u00f3n superior accesible y de calidad, cumpliendo con el objetivo del presidente Gustavo Petro de ampliar la cobertura educativa en las regiones m\u00e1s necesitadas&#8221;.<\/p>\n\n\n\n<p><strong>Un campus tecnol\u00f3gico de vanguardia<\/strong><\/p>\n\n\n\n<p>El campus, que abarcar\u00e1 30.870 m\u00b2, estar\u00e1 dise\u00f1ado para promover la innovaci\u00f3n tecnol\u00f3gica y el aprendizaje avanzado. Entre sus espacios, se destacan:<\/p>\n\n\n\n<p>\u2022 Centro de Innovaci\u00f3n, Investigaci\u00f3n y Tecnolog\u00eda (CIIT), con laboratorios de \u00faltima generaci\u00f3n en \u00e1reas como Inteligencia Artificial, Ciencia de Datos, Simulaci\u00f3n, Gesti\u00f3n Agroambiental y Protecci\u00f3n Cibern\u00e9tica Avanzada.<\/p>\n\n\n\n<p>\u2022 Espacios para prototipado tecnol\u00f3gico y colaboraci\u00f3n, destinados a la co-creaci\u00f3n de soluciones.<\/p>\n\n\n\n<p>\u2022 Un ecosistema de innovaci\u00f3n abierta para fortalecer la interacci\u00f3n entre estudiantes, acad\u00e9micos, empresas y comunidades locales.<\/p>\n\n\n\n<p><strong>Equipos y capacidades tecnol\u00f3gicas<\/strong><\/p>\n\n\n\n<p>La universidad estar\u00e1 equipada con modernas herramientas tecnol\u00f3gicas para potenciar el aprendizaje:<\/p>\n\n\n\n<p>\u2022 140 estaciones b\u00e1sicas en salas de c\u00f3mputo.<\/p>\n\n\n\n<p>\u2022 100 estaciones avanzadas en laboratorios especializados.<\/p>\n\n\n\n<p>\u2022 50 estaciones dedicadas a ciberseguridad.<\/p>\n\n\n\n<p>\u2022 120 port\u00e1tiles para el uso de docentes y el CIIT.<\/p>\n\n\n\n<p>\u2022 40 pantallas interactivas para aulas y laboratorios.<\/p>\n\n\n\n<p>\u2022 Licencias de software especializado en \u00e1reas como IA y ciberseguridad.<\/p>\n\n\n\n<p>\u2022 Un robusto DataCenter e infraestructura de red que garantizar\u00e1n conectividad y acceso a recursos digitales avanzados.<\/p>\n\n\n\n<p><strong>Un impacto transformador para los Montes de Mar\u00eda<\/strong><\/p>\n\n\n\n<p>La Universidad Montemariana promete ser un motor de cambio en una regi\u00f3n hist\u00f3ricamente afectada por la violencia, pero rica en recursos y oportunidades. Adem\u00e1s de ofrecer educaci\u00f3n superior de calidad, ser\u00e1 un centro de desarrollo econ\u00f3mico y social, abriendo puertas a nuevas oportunidades para los j\u00f3venes de Bol\u00edvar.<\/p>\n\n\n\n<p>&#8220;Aqu\u00ed nuestros j\u00f3venes tendr\u00e1n acceso a herramientas que los empoderen para construir su futuro y contribuir al desarrollo de la regi\u00f3n. La Universidad Montemariana ser\u00e1 un s\u00edmbolo de esperanza y progreso para todos los bolivarenses&#8221;, concluy\u00f3 el gobernador.<\/p>\n\n\n\n<p><strong>Un legado para el futuro<\/strong><\/p>\n\n\n\n<p>Este ambicioso proyecto no solo representa un hito en la educaci\u00f3n superior en Bol\u00edvar, sino tambi\u00e9n una estrategia para cerrar brechas sociales y econ\u00f3micas en los Montes de Mar\u00eda. Con la promesa de formar a l\u00edderes y profesionales en \u00e1reas estrat\u00e9gicas, la Universidad Montemariana se posiciona como un faro educativo que guiar\u00e1 el desarrollo de la regi\u00f3n hacia un futuro m\u00e1s inclusivo y sostenible.<\/p>\n","protected":false},"excerpt":{"rendered":"<p>La nueva universidad tecnol\u00f3gica transformar\u00e1 la regi\u00f3n con educaci\u00f3n superior de calidad e innovaci\u00f3n<\/p>\n","protected":false},"author":2,"featured_media":7530,"comment_status":"closed","ping_status":"closed","sticky":false,"template":"","format":"standard","meta":{"om_disable_all_campaigns":false,"_monsterinsights_skip_tracking":false,"_monsterinsights_sitenote_active":false,"_monsterinsights_sitenote_note":"","_monsterinsights_sitenote_category":0,"footnotes":""},"categories":[112,102],"tags":[380,264],"class_list":["post-7528","post","type-post","status-publish","format-standard","has-post-thumbnail","hentry","category-educacion","category-generales","tag-gobernacion-bolivar","tag-yamil-arana"],"_links":{"self":[{"href":"https:\/\/cartagenaaldia.com\/index.php\/wp-json\/wp\/v2\/posts\/7528","targetHints":{"allow":["GET"]}}],"collection":[{"href":"https:\/\/cartagenaaldia.com\/index.php\/wp-json\/wp\/v2\/posts"}],"about":[{"href":"https:\/\/cartagenaaldia.com\/index.php\/wp-json\/wp\/v2\/types\/post"}],"author":[{"embeddable":true,"href":"https:\/\/cartagenaaldia.com\/index.php\/wp-json\/wp\/v2\/users\/2"}],"replies":[{"embeddable":true,"href":"https:\/\/cartagenaaldia.com\/index.php\/wp-json\/wp\/v2\/comments?post=7528"}],"version-history":[{"count":1,"href":"https:\/\/cartagenaaldia.com\/index.php\/wp-json\/wp\/v2\/posts\/7528\/revisions"}],"predecessor-version":[{"id":7529,"href":"https:\/\/cartagenaaldia.com\/index.php\/wp-json\/wp\/v2\/posts\/7528\/revisions\/7529"}],"wp:featuredmedia":[{"embeddable":true,"href":"https:\/\/cartagenaaldia.com\/index.php\/wp-json\/wp\/v2\/media\/7530"}],"wp:attachment":[{"href":"https:\/\/cartagenaaldia.com\/index.php\/wp-json\/wp\/v2\/media?parent=7528"}],"wp:term":[{"taxonomy":"category","embeddable":true,"href":"https:\/\/cartagenaaldia.com\/index.php\/wp-json\/wp\/v2\/categories?post=7528"},{"taxonomy":"post_tag","embeddable":true,"href":"https:\/\/cartagenaaldia.com\/index.php\/wp-json\/wp\/v2\/tags?post=7528"}],"curies":[{"name":"wp","href":"https:\/\/api.w.org\/{rel}","templated":true}]}}