{"id":7386,"date":"2024-11-07T08:10:41","date_gmt":"2024-11-07T13:10:41","guid":{"rendered":"https:\/\/cartagenaaldia.com\/?p=7386"},"modified":"2024-11-07T08:10:42","modified_gmt":"2024-11-07T13:10:42","slug":"camacol-hace-un-llamado-a-la-reactivacion-sostenible","status":"publish","type":"post","link":"https:\/\/cartagenaaldia.com\/index.php\/2024\/11\/07\/camacol-hace-un-llamado-a-la-reactivacion-sostenible\/","title":{"rendered":"Camacol hace un llamado a la reactivaci\u00f3n sostenible"},"content":{"rendered":"\n<p><strong>Sala Redacci\u00f3n (IA). &#8211;<\/strong> En Barranquilla, la C\u00e1mara Colombiana de la Construcci\u00f3n (Camacol) dio inicio al Congreso Colombiano de la Construcci\u00f3n, bajo el lema &#8220;Reactivaci\u00f3n sostenible: nuevas oportunidades desde las regiones&#8221;. Guillermo Herrera, presidente de Camacol, fue el encargado de abrir el evento, destacando la necesidad de generar propuestas y acciones que trasciendan el evento y tengan un impacto m\u00e1s all\u00e1 del 2025.<\/p>\n\n\n\n<p>Durante su intervenci\u00f3n, Herrera recalc\u00f3 los grandes retos que enfrenta la industria edificadora, especialmente en el \u00e1mbito de la pol\u00edtica de vivienda, la cual, a su juicio, no ha logrado frenar el deterioro que ha experimentado el sector desde 2023. Record\u00f3 que hace un a\u00f1o, en el mismo congreso, el Gobierno anunci\u00f3 18 compromisos para impulsar el desarrollo de la vivienda, como la asignaci\u00f3n de 50.000 subsidios anuales de Mi Casa Ya (MCY) y la implementaci\u00f3n de un plan de reactivaci\u00f3n. Sin embargo, la falta de certidumbre en la asignaci\u00f3n de estos subsidios ha sido una barrera para el avance de estos programas.<\/p>\n\n\n\n<p>\u201cLlevamos doce meses conversando con el Gobierno, presentando observaciones y propuestas para esa reactivaci\u00f3n y para revertir las cifras de desempleo,\u201d se\u00f1al\u00f3 Herrera. De acuerdo con datos recientes de Camacol, las ventas de viviendas en el \u00faltimo a\u00f1o cayeron un 7,6 % en comparaci\u00f3n con 2023 y un 43,7 % respecto a 2022, mientras que las iniciaciones de obras disminuyeron en un 23,1 % en el mismo periodo. Adem\u00e1s, esta ca\u00edda en el \u00e1rea en construcci\u00f3n ha impactado el empleo en el sector, que ha registrado una p\u00e9rdida de 84.000 empleos en agosto, de los cuales 79.000 corresponden al sector edificador.<\/p>\n\n\n\n<p><strong>Acciones para mitigar la crisis y fortalecer el sector<\/strong><\/p>\n\n\n\n<p>Ante esta situaci\u00f3n, Camacol ha impulsado el \u201cPacto por el Cr\u00e9dito\u201d, una iniciativa que busca apoyar la financiaci\u00f3n de vivienda. Sin embargo, Herrera advirti\u00f3 que para que este pacto sea efectivo, se deben mantener las tasas de inter\u00e9s bajas y asegurar la asignaci\u00f3n de los 50.000 subsidios anuales, como lo establece el Plan Nacional de Desarrollo (PND). Aunque reconoci\u00f3 el esfuerzo del Ministerio de Vivienda en la implementaci\u00f3n de estos programas, subray\u00f3 la necesidad de evaluar las proyecciones de desembolso para alcanzar los objetivos de reactivaci\u00f3n del sector.<\/p>\n\n\n\n<p>A pesar de las dificultades, el presidente de Camacol destac\u00f3 la resiliencia y el esfuerzo de los empresarios del sector, quienes, a pesar de las adversidades, mantienen en construcci\u00f3n 29 millones de metros cuadrados (22 millones en viviendas y 7 millones en destinos no residenciales). Actualmente, hay una oferta de 167.000 viviendas en el pa\u00eds, de las cuales 103.000 corresponden a Vivienda de Inter\u00e9s Social (VIS).<\/p>\n\n\n\n<p><strong>Temas clave en el Congreso: innovaci\u00f3n y desarrollo regional<\/strong><\/p>\n\n\n\n<p>El congreso de este a\u00f1o se enfoca en cuatro grandes tem\u00e1ticas: nuevos horizontes de inversi\u00f3n inmobiliaria, transformaci\u00f3n digital con tecnolog\u00edas BIM y AI, y desarrollo regional. En cuanto a la inversi\u00f3n, se espera que los gobiernos locales destinen cerca de $1,7 billones en los pr\u00f3ximos cuatro a\u00f1os para proyectos de vivienda, lo que podr\u00eda movilizar inversiones por $16,9 billones en diversas regiones del pa\u00eds. Esta inversi\u00f3n tiene el potencial de generar m\u00e1s de 100.000 nuevas viviendas, apoyadas por subsidios de gobernaciones y alcald\u00edas.<\/p>\n\n\n\n<p><strong>Camacol y su compromiso con la sostenibilidad y la construcci\u00f3n verde<\/strong><\/p>\n\n\n\n<p>Herrera destac\u00f3 tambi\u00e9n el compromiso de Camacol con la sostenibilidad y el crecimiento verde, alineado con las metas planteadas en la COP16. La industria de la construcci\u00f3n en Colombia est\u00e1 avanzando hacia una construcci\u00f3n m\u00e1s amigable con el medio ambiente, y Camacol ha establecido la meta de que el 50 % de las edificaciones que se entreguen en 2030 cuenten con certificaci\u00f3n de sostenibilidad. Esta meta se traduce en aproximadamente 428.000 viviendas certificadas en sostenibilidad.<\/p>\n\n\n\n<p>Actualmente, Colombia lidera en la regi\u00f3n con la certificaci\u00f3n Edge, un sello otorgado por la Corporaci\u00f3n Financiera Internacional (IFC) del Banco Mundial. Hasta la fecha, el pa\u00eds cuenta con 17 millones de metros cuadrados certificados, la mayor\u00eda de ellos en VIS. Adem\u00e1s, Camacol ha lanzado recientemente varias iniciativas, como la VIS 4.0 y la Ruta Circular y Sostenible, que promueven pr\u00e1cticas de econom\u00eda circular y construcci\u00f3n responsable, y que ser\u00e1n presentadas en el congreso.<\/p>\n\n\n\n<p><strong>Un espacio para el di\u00e1logo y la b\u00fasqueda de soluciones<\/strong><\/p>\n\n\n\n<p>El Congreso Colombiano de la Construcci\u00f3n se perfila como un espacio de intercambio de ideas y propuestas para enfrentar los desaf\u00edos que atraviesa la industria. Las dificultades en la implementaci\u00f3n de pol\u00edticas de vivienda, el acceso al cr\u00e9dito y los altos costos de construcci\u00f3n son algunos de los temas prioritarios en la agenda del evento.<\/p>\n\n\n\n<p>Herrera concluy\u00f3 su intervenci\u00f3n resaltando que el congreso es una oportunidad para reflexionar sobre la importancia de la sostenibilidad y la innovaci\u00f3n en el sector construcci\u00f3n. Tambi\u00e9n reiter\u00f3 su llamado al Gobierno y a los empresarios a trabajar de la mano para impulsar la reactivaci\u00f3n econ\u00f3mica del sector y mejorar la calidad de vida de los colombianos a trav\u00e9s del acceso a una vivienda digna y sostenible.<\/p>\n","protected":false},"excerpt":{"rendered":"<p>Guillermo Herrera, presidente de Camacol, destaca los desaf\u00edos del sector y el compromiso con el crecimiento verde y la sostenibilidad en la construcci\u00f3n en Colombia<\/p>\n","protected":false},"author":2,"featured_media":7388,"comment_status":"closed","ping_status":"closed","sticky":false,"template":"","format":"standard","meta":{"om_disable_all_campaigns":false,"_monsterinsights_skip_tracking":false,"_monsterinsights_sitenote_active":false,"_monsterinsights_sitenote_note":"","_monsterinsights_sitenote_category":0,"footnotes":""},"categories":[103,102],"tags":[213,214],"class_list":["post-7386","post","type-post","status-publish","format-standard","has-post-thumbnail","hentry","category-economia","category-generales","tag-camacol","tag-camacol-bolivar"],"_links":{"self":[{"href":"https:\/\/cartagenaaldia.com\/index.php\/wp-json\/wp\/v2\/posts\/7386","targetHints":{"allow":["GET"]}}],"collection":[{"href":"https:\/\/cartagenaaldia.com\/index.php\/wp-json\/wp\/v2\/posts"}],"about":[{"href":"https:\/\/cartagenaaldia.com\/index.php\/wp-json\/wp\/v2\/types\/post"}],"author":[{"embeddable":true,"href":"https:\/\/cartagenaaldia.com\/index.php\/wp-json\/wp\/v2\/users\/2"}],"replies":[{"embeddable":true,"href":"https:\/\/cartagenaaldia.com\/index.php\/wp-json\/wp\/v2\/comments?post=7386"}],"version-history":[{"count":1,"href":"https:\/\/cartagenaaldia.com\/index.php\/wp-json\/wp\/v2\/posts\/7386\/revisions"}],"predecessor-version":[{"id":7387,"href":"https:\/\/cartagenaaldia.com\/index.php\/wp-json\/wp\/v2\/posts\/7386\/revisions\/7387"}],"wp:featuredmedia":[{"embeddable":true,"href":"https:\/\/cartagenaaldia.com\/index.php\/wp-json\/wp\/v2\/media\/7388"}],"wp:attachment":[{"href":"https:\/\/cartagenaaldia.com\/index.php\/wp-json\/wp\/v2\/media?parent=7386"}],"wp:term":[{"taxonomy":"category","embeddable":true,"href":"https:\/\/cartagenaaldia.com\/index.php\/wp-json\/wp\/v2\/categories?post=7386"},{"taxonomy":"post_tag","embeddable":true,"href":"https:\/\/cartagenaaldia.com\/index.php\/wp-json\/wp\/v2\/tags?post=7386"}],"curies":[{"name":"wp","href":"https:\/\/api.w.org\/{rel}","templated":true}]}}