{"id":7373,"date":"2024-11-06T13:28:55","date_gmt":"2024-11-06T18:28:55","guid":{"rendered":"https:\/\/cartagenaaldia.com\/?p=7373"},"modified":"2024-11-06T13:28:56","modified_gmt":"2024-11-06T18:28:56","slug":"barranquilla-sede-del-congreso-colombiano-de-la-construccion-con-lideres-y-expertos","status":"publish","type":"post","link":"https:\/\/cartagenaaldia.com\/index.php\/2024\/11\/06\/barranquilla-sede-del-congreso-colombiano-de-la-construccion-con-lideres-y-expertos\/","title":{"rendered":"Barranquilla, sede del Congreso Colombiano de la Construcci\u00f3n con l\u00edderes y expertos"},"content":{"rendered":"\n<p><strong>Sala Redacci\u00f3n (IA). &#8211;<\/strong> Barranquilla se alista para recibir, del 6 al 8 de noviembre, el Congreso Colombiano de la Construcci\u00f3n 2024, organizado por la C\u00e1mara Colombiana de la Construcci\u00f3n (Camacol). El evento reunir\u00e1 a destacadas personalidades nacionales e internacionales que abordar\u00e1n temas sobre el panorama econ\u00f3mico, pol\u00edtico y social de Colombia y Am\u00e9rica Latina, con el objetivo de analizar y proyectar el futuro del sector constructor y su impacto en las ciudades y regiones.<\/p>\n\n\n\n<p><strong>Un cartel de lujo en conferencistas<\/strong><\/p>\n\n\n\n<p>Este a\u00f1o, el congreso contar\u00e1 con la participaci\u00f3n de l\u00edderes influyentes de Am\u00e9rica Latina y Europa, entre ellos Cayetana \u00c1lvarez de Toledo, periodista y pol\u00edtica espa\u00f1ola; Dan Restrepo, exasesor del presidente Barack Obama, y Axel Kaiser, abogado y presidente de la Fundaci\u00f3n para el Progreso en Chile. Estos expertos debatir\u00e1n sobre las oportunidades y desaf\u00edos que enfrenta la regi\u00f3n en el \u00e1mbito social, pol\u00edtico y econ\u00f3mico.<\/p>\n\n\n\n<p>La ceremonia de apertura estar\u00e1 a cargo de Guillermo Herrera, presidente de Camacol, quien estar\u00e1 acompa\u00f1ado por Juan Fernando Cristo, ministro del Interior, y Jorge Segebre, presidente de la Junta Directiva de Camacol.<\/p>\n\n\n\n<p><strong>Tecnolog\u00eda y transformaci\u00f3n de las ciudades<\/strong><\/p>\n\n\n\n<p>Un tema clave ser\u00e1 el impacto de la inteligencia artificial y las nuevas tecnolog\u00edas en la construcci\u00f3n y transformaci\u00f3n de las ciudades. Ricardo Bianca, embajador de sostenibilidad de Autodesk y experto en ingenier\u00eda digital en Brasil, junto con Luz Mar\u00eda V\u00e1squez, ejecutiva de la misma empresa, explorar\u00e1n c\u00f3mo las &#8220;ciudades conectadas&#8221; pueden revolucionar la infraestructura y mejorar la calidad de vida.<\/p>\n\n\n\n<p>Adem\u00e1s, un panel sobre inversi\u00f3n inmobiliaria contar\u00e1 con la presencia de l\u00edderes de empresas como JLL, PEI Asset Management, Grupo Aval y el Fondo Nacional del Ahorro (FNA), que analizar\u00e1n las tendencias y perspectivas de crecimiento en el mercado inmobiliario de Colombia y la regi\u00f3n.<\/p>\n\n\n\n<p><strong>Propuestas para la reactivaci\u00f3n desde las regiones<\/strong><\/p>\n\n\n\n<p>Al evento se unir\u00e1n tambi\u00e9n importantes figuras de la pol\u00edtica local y regional, como Carlos Fernando Gal\u00e1n, alcalde de Bogot\u00e1; Federico Guti\u00e9rrez, alcalde de Medell\u00edn; Alejandro Eder, alcalde de Cali, y Jorge Eduardo Rojas, alcalde de Manizales, quienes compartir\u00e1n avances en los planes de reactivaci\u00f3n econ\u00f3mica desde sus ciudades. Asimismo, el gobernador del Atl\u00e1ntico, Eduardo Verano de la Rosa, y el alcalde de Barranquilla, Alejandro Char, abordar\u00e1n el papel de la vivienda en el desarrollo regional.<\/p>\n\n\n\n<p>Un destacado espacio de reflexi\u00f3n lo protagonizar\u00e1n el exministro de Hacienda colombiano Juan Carlos Echeverry junto a Arturo Herrera, exministro de M\u00e9xico, y Felipe Larra\u00edn, exministro de Chile, quienes debatir\u00e1n sobre el crecimiento y desarrollo desde los territorios. Esta conversaci\u00f3n contar\u00e1 tambi\u00e9n con l\u00edderes como Mar\u00eda Bibiana Botero de Proantioquia, Mar\u00eda Isabel Ulloa de Propac\u00edfico, Vicky Osorio de Probarranquilla y Mar\u00eda Carolina Castillo de Probogot\u00e1.<\/p>\n\n\n\n<p><strong>Construcci\u00f3n sostenible: un compromiso con el medio ambiente<\/strong><\/p>\n\n\n\n<p>Otro de los temas cruciales ser\u00e1 la construcci\u00f3n amigable con el medio ambiente. Hubert Klumpner, arquitecto suizo-alem\u00e1n, expondr\u00e1 sobre \u201cLas ra\u00edces de un futuro sostenible\u201d, en una sesi\u00f3n que profundizar\u00e1 en la importancia de la sostenibilidad en la industria de la construcci\u00f3n. En este espacio, tambi\u00e9n participar\u00e1n l\u00edderes de empresas y fundaciones comprometidas con pr\u00e1cticas sostenibles, como Natalia Trujillo, vicepresidenta de Operaciones de Amarilo, y Luz \u00c1ngela Castro, presidenta de OCESA.<\/p>\n\n\n\n<p><strong>Innovaciones para una construcci\u00f3n verde<\/strong><\/p>\n\n\n\n<p>El congreso incluir\u00e1 sesiones sobre la implementaci\u00f3n de la estrategia VIS 4.0, que apunta a mejorar la Vivienda de Inter\u00e9s Social en t\u00e9rminos de sostenibilidad. La Ruta de la Circularidad ser\u00e1 otro de los temas que reflejan el compromiso del sector con el medio ambiente, promoviendo pr\u00e1cticas de reciclaje y reutilizaci\u00f3n de materiales. Adem\u00e1s, se resaltar\u00e1n los logros en la construcci\u00f3n verde, con 17 millones de metros cuadrados en Colombia ya certificados bajo el est\u00e1ndar EDGE (Excellence in Design for Greater Efficiencies) promovido por el Banco Mundial y Camacol.<\/p>\n\n\n\n<p><strong>Un congreso para la sostenibilidad y la inclusi\u00f3n<\/strong><\/p>\n\n\n\n<p>La industria de la construcci\u00f3n se enfrenta a un contexto desafiante, en el que los l\u00edderes del sector deben considerar no solo el desarrollo econ\u00f3mico, sino tambi\u00e9n la sostenibilidad y el impacto social. Este evento se presenta como una oportunidad \u00fanica para intercambiar conocimientos, fortalecer alianzas y trazar estrategias que impulsen el crecimiento responsable en las ciudades y regiones de Colombia y Latinoam\u00e9rica.<\/p>\n\n\n\n<p>Con una agenda robusta y una alineaci\u00f3n de destacados expertos, el Congreso Colombiano de la Construcci\u00f3n promete ser un espacio de referencia para quienes buscan soluciones innovadoras y sostenibles en la construcci\u00f3n, con miras a un futuro pr\u00f3spero y equilibrado para el pa\u00eds y la regi\u00f3n.<\/p>\n","protected":false},"excerpt":{"rendered":"<p>El evento contar\u00e1 con la participaci\u00f3n de renombrados conferencistas internacionales para analizar la coyuntura del sector construcci\u00f3n y sus retos en Latinoam\u00e9rica<\/p>\n","protected":false},"author":2,"featured_media":7374,"comment_status":"closed","ping_status":"closed","sticky":false,"template":"","format":"standard","meta":{"om_disable_all_campaigns":false,"_monsterinsights_skip_tracking":false,"_monsterinsights_sitenote_active":false,"_monsterinsights_sitenote_note":"","_monsterinsights_sitenote_category":0,"footnotes":""},"categories":[103,102],"tags":[213,214],"class_list":["post-7373","post","type-post","status-publish","format-standard","has-post-thumbnail","hentry","category-economia","category-generales","tag-camacol","tag-camacol-bolivar"],"_links":{"self":[{"href":"https:\/\/cartagenaaldia.com\/index.php\/wp-json\/wp\/v2\/posts\/7373","targetHints":{"allow":["GET"]}}],"collection":[{"href":"https:\/\/cartagenaaldia.com\/index.php\/wp-json\/wp\/v2\/posts"}],"about":[{"href":"https:\/\/cartagenaaldia.com\/index.php\/wp-json\/wp\/v2\/types\/post"}],"author":[{"embeddable":true,"href":"https:\/\/cartagenaaldia.com\/index.php\/wp-json\/wp\/v2\/users\/2"}],"replies":[{"embeddable":true,"href":"https:\/\/cartagenaaldia.com\/index.php\/wp-json\/wp\/v2\/comments?post=7373"}],"version-history":[{"count":1,"href":"https:\/\/cartagenaaldia.com\/index.php\/wp-json\/wp\/v2\/posts\/7373\/revisions"}],"predecessor-version":[{"id":7375,"href":"https:\/\/cartagenaaldia.com\/index.php\/wp-json\/wp\/v2\/posts\/7373\/revisions\/7375"}],"wp:featuredmedia":[{"embeddable":true,"href":"https:\/\/cartagenaaldia.com\/index.php\/wp-json\/wp\/v2\/media\/7374"}],"wp:attachment":[{"href":"https:\/\/cartagenaaldia.com\/index.php\/wp-json\/wp\/v2\/media?parent=7373"}],"wp:term":[{"taxonomy":"category","embeddable":true,"href":"https:\/\/cartagenaaldia.com\/index.php\/wp-json\/wp\/v2\/categories?post=7373"},{"taxonomy":"post_tag","embeddable":true,"href":"https:\/\/cartagenaaldia.com\/index.php\/wp-json\/wp\/v2\/tags?post=7373"}],"curies":[{"name":"wp","href":"https:\/\/api.w.org\/{rel}","templated":true}]}}