{"id":7365,"date":"2024-11-05T22:19:01","date_gmt":"2024-11-06T03:19:01","guid":{"rendered":"https:\/\/cartagenaaldia.com\/?p=7365"},"modified":"2024-11-05T22:25:24","modified_gmt":"2024-11-06T03:25:24","slug":"seleccion-colombia-de-futsal-lista-para-la-conmebol-liga-evolucion-en-brasil","status":"publish","type":"post","link":"https:\/\/cartagenaaldia.com\/index.php\/2024\/11\/05\/seleccion-colombia-de-futsal-lista-para-la-conmebol-liga-evolucion-en-brasil\/","title":{"rendered":"Selecci\u00f3n Colombia de Futsal lista para la CONMEBOL Liga Evoluci\u00f3n en Brasil"},"content":{"rendered":"\n<p><strong>Sala Redacci\u00f3n (IA). &#8211;<\/strong> Las Selecciones Colombia de Futsal en las categor\u00edas Sub-20 y Mayores se preparan para competir en la CONMEBOL Liga Evoluci\u00f3n de Futsal \u2013 Zona Norte 2024, que se jugar\u00e1 en Fortaleza, Brasil. El torneo comenzar\u00e1 el 6 de noviembre con los enfrentamientos entre Colombia vs. Per\u00fa y Brasil vs. Ecuador. Colombia, bajo la direcci\u00f3n t\u00e9cnica de Roberto Bruno, buscar\u00e1 acumular la mayor cantidad de puntos en ambas categor\u00edas para clasificarse a la final y disputar el t\u00edtulo absoluto.<\/p>\n\n\n\n<p>El formato del torneo es de &#8220;todos contra todos&#8221;, con una fase \u00fanica de cinco fechas en la que cada equipo se enfrentar\u00e1 a los dem\u00e1s. Los ganadores ser\u00e1n los equipos que acumulen m\u00e1s puntos en las dos categor\u00edas (Sub-20 y Mayores) al finalizar la competencia. Despu\u00e9s de su primer partido contra Per\u00fa, los equipos de Colombia tendr\u00e1n una jornada de descanso y volver\u00e1n a la cancha el 8 de noviembre para enfrentar a Venezuela. Luego se medir\u00e1n contra Ecuador y Brasil los d\u00edas 9 y 10 de noviembre, respectivamente.<\/p>\n\n\n\n<p>A continuaci\u00f3n, se detalla la lista de convocados para la Selecci\u00f3n Colombia en las categor\u00edas Sub-20 y Mayores:<\/p>\n\n\n\n<p><strong>Selecci\u00f3n Colombia Mayores de Futsal:<\/strong><\/p>\n\n\n\n<p>1. Brayan Zapata Vanegas \u2013 Atl\u00e9tico Dorada Futsal<\/p>\n\n\n\n<p>2. Luis Gonzalo Posada Quintero \u2013 Kmf Forca 2015 (MKD)<\/p>\n\n\n\n<p>3. Andr\u00e9s Felipe Matos Pizarro \u2013 Ind. Barranquilla<\/p>\n\n\n\n<p>4. Eduardo Medina Carmona \u2013 Ind. Barranquilla<\/p>\n\n\n\n<p>5. Cristian Camilo Neme Vargas \u2013 Ind. Barranquilla<\/p>\n\n\n\n<p>6. Jeison Padilla Mu\u00f1oz \u2013 Leones F.C.<\/p>\n\n\n\n<p>7. Sebasti\u00e1n Camilo S\u00e1nchez Nagles \u2013 C.D. Leones de Nari\u00f1o de F\u00fatbol<\/p>\n\n\n\n<p>8. Jorge Armando Cuervo Cardona \u2013 Club Sabaneros FC<\/p>\n\n\n\n<p>9. Ronald Miguel Sol\u00f3rzano Herrera \u2013 Club Sabaneros FC<\/p>\n\n\n\n<p>10. Sebasti\u00e1n Toro Garc\u00eda \u2013 Tigres Del Quind\u00edo<\/p>\n\n\n\n<p><strong>Selecci\u00f3n Colombia Sub-20 de Futsal:<\/strong><\/p>\n\n\n\n<p>1. Jhon Anderson Quiroga Quintero \u2013 U Sergio Arboleda<\/p>\n\n\n\n<p>2. Luis Santiago Davila Figueredo \u2013 U Sergio Arboleda<\/p>\n\n\n\n<p>3. Brandon Stiven Leal S\u00e1nchez \u2013 Deportivo Sanpas<\/p>\n\n\n\n<p>4. Davier Duvan Baza David \u2013 Deportivo Sanpas<\/p>\n\n\n\n<p>5. Angelo Paul Santofimio Orjuela \u2013 Saeta<\/p>\n\n\n\n<p>6. Juan David Blanco Romero \u2013 Club Sabaneros FC<\/p>\n\n\n\n<p>7. Douglas Garc\u00eda R\u00edos \u2013 Ind. Barranquilla<\/p>\n\n\n\n<p>8. Manuel Felipe Maturana Moreno \u2013 Ind. Barranquilla<\/p>\n\n\n\n<p>9. Jonathan Stiven Mayorga Oviedo \u2013 Llaneros F.C.<\/p>\n\n\n\n<p>10. Juan David Guerrero Galindo \u2013 Club Lyon De Cali<\/p>\n\n\n\n<p>11. Jilmar Garc\u00e9s Quiroz \u2013 Talentos Envigado<\/p>\n\n\n\n<p>12. Juli\u00e1n Andr\u00e9s Prias L\u00f3pez \u2013 Saeta<\/p>\n\n\n\n<p>13. Brandon Estiven Duque Hern\u00e1ndez \u2013 Saeta<\/p>\n\n\n\n<p>14. John David R\u00edos Escobar \u2013 Am\u00e9rica de Cali<\/p>\n\n\n\n<p><strong>Cuerpo T\u00e9cnico:<\/strong><\/p>\n\n\n\n<p>&#8211; Roberto Enrique Bruno Castillo \u2013 Director T\u00e9cnico<\/p>\n\n\n\n<p>&#8211; Nelson C\u00e1rdenas Valencia \u2013 Asistente T\u00e9cnico<\/p>\n\n\n\n<p>&#8211; William Alberto Lara \u2013 Preparador F\u00edsico<\/p>\n\n\n\n<p>&#8211; Laura Ibarra Mosquera \u2013 M\u00e9dica<\/p>\n\n\n\n<p>&#8211; Marisol Estupi\u00f1an \u2013 Fisioterapeuta<\/p>\n\n\n\n<p>&#8211; Luis Alberto Piragauta \u2013 M\u00e9dico<\/p>\n\n\n\n<p>&#8211; Mariana Pab\u00f3n Carvajal \u2013 Fisioterapeuta<\/p>\n\n\n\n<p>&#8211; Carlos Emilio Mosquera \u2013 Entrenador de Arqueros<\/p>\n\n\n\n<p>&#8211; Alejandro Orrego Arbel\u00e1ez \u2013 Utilero<\/p>\n\n\n\n<p>Con gran compromiso y preparaci\u00f3n, los equipos Sub-20 y Mayores de Colombia buscar\u00e1n sobresalir en el torneo y consolidar a la Selecci\u00f3n Nacional como una de las mejores en la regi\u00f3n.<\/p>\n\n\n\n<figure class=\"wp-block-image size-large\"><img fetchpriority=\"high\" decoding=\"async\" width=\"1024\" height=\"576\" src=\"https:\/\/cartagenaaldia.com\/wp-content\/uploads\/2024\/11\/FIXTURE-PARTIDOS-web-1024x576.webp\" alt=\"\" class=\"wp-image-7368\"\/><\/figure>\n","protected":false},"excerpt":{"rendered":"<p>Las categor\u00edas Sub-20 y Mayores competir\u00e1n en Fortaleza para clasificar a la final del torneo<\/p>\n","protected":false},"author":2,"featured_media":7366,"comment_status":"closed","ping_status":"closed","sticky":false,"template":"","format":"standard","meta":{"om_disable_all_campaigns":false,"_monsterinsights_skip_tracking":false,"_monsterinsights_sitenote_active":false,"_monsterinsights_sitenote_note":"","_monsterinsights_sitenote_category":0,"footnotes":""},"categories":[106,102],"tags":[150,586],"class_list":["post-7365","post","type-post","status-publish","format-standard","has-post-thumbnail","hentry","category-deporte","category-generales","tag-fcf","tag-seleccion-colombia-futsal"],"_links":{"self":[{"href":"https:\/\/cartagenaaldia.com\/index.php\/wp-json\/wp\/v2\/posts\/7365","targetHints":{"allow":["GET"]}}],"collection":[{"href":"https:\/\/cartagenaaldia.com\/index.php\/wp-json\/wp\/v2\/posts"}],"about":[{"href":"https:\/\/cartagenaaldia.com\/index.php\/wp-json\/wp\/v2\/types\/post"}],"author":[{"embeddable":true,"href":"https:\/\/cartagenaaldia.com\/index.php\/wp-json\/wp\/v2\/users\/2"}],"replies":[{"embeddable":true,"href":"https:\/\/cartagenaaldia.com\/index.php\/wp-json\/wp\/v2\/comments?post=7365"}],"version-history":[{"count":2,"href":"https:\/\/cartagenaaldia.com\/index.php\/wp-json\/wp\/v2\/posts\/7365\/revisions"}],"predecessor-version":[{"id":7369,"href":"https:\/\/cartagenaaldia.com\/index.php\/wp-json\/wp\/v2\/posts\/7365\/revisions\/7369"}],"wp:featuredmedia":[{"embeddable":true,"href":"https:\/\/cartagenaaldia.com\/index.php\/wp-json\/wp\/v2\/media\/7366"}],"wp:attachment":[{"href":"https:\/\/cartagenaaldia.com\/index.php\/wp-json\/wp\/v2\/media?parent=7365"}],"wp:term":[{"taxonomy":"category","embeddable":true,"href":"https:\/\/cartagenaaldia.com\/index.php\/wp-json\/wp\/v2\/categories?post=7365"},{"taxonomy":"post_tag","embeddable":true,"href":"https:\/\/cartagenaaldia.com\/index.php\/wp-json\/wp\/v2\/tags?post=7365"}],"curies":[{"name":"wp","href":"https:\/\/api.w.org\/{rel}","templated":true}]}}