{"id":7230,"date":"2024-10-25T22:01:22","date_gmt":"2024-10-26T03:01:22","guid":{"rendered":"https:\/\/cartagenaaldia.com\/?p=7230"},"modified":"2025-04-15T18:59:41","modified_gmt":"2025-04-15T23:59:41","slug":"la-arquidiocesis-de-cartagena-y-la-renovacion-carismatica-catolica-organizan-congreso-familiar","status":"publish","type":"post","link":"https:\/\/cartagenaaldia.com\/index.php\/2024\/10\/25\/la-arquidiocesis-de-cartagena-y-la-renovacion-carismatica-catolica-organizan-congreso-familiar\/","title":{"rendered":"La Arquidi\u00f3cesis de Cartagena y la Renovaci\u00f3n Carism\u00e1tica Cat\u00f3lica organizan congreso familiar"},"content":{"rendered":"\n<p><strong>Sala Redacci\u00f3n (IA). &#8211;<\/strong> Este fin de semana, la de Cartagena y la Renovaci\u00f3n Carism\u00e1tica Cat\u00f3lica llevar\u00e1n a cabo un Congreso de Fortalecimiento Espiritual Familiar, con el lema: \u201cMi familia y yo servimos al Se\u00f1or\u201d. El congreso se enfocar\u00e1 en la importancia de la familia en la sociedad y en la iglesia, ofreciendo herramientas para el crecimiento espiritual, emocional y afectivo ante los retos de la vida actual.<\/p>\n\n\n\n<p>El evento tendr\u00e1 lugar en la Casa de Oraci\u00f3n Mar\u00eda de Nazareth (barrio La Providencia, diagonal 32, frente a Sanitas), el s\u00e1bado 26 de octubre de 8:00 a.m. a 6:00 p.m., y el domingo 27 de octubre de 8:00 a.m. a 1:00 p.m., finalizando con una Eucarist\u00eda.<\/p>\n\n\n\n<p><strong>Conferencistas destacados <\/strong><\/p>\n\n\n\n<p>El congreso contar\u00e1 con la participaci\u00f3n de varios conferencistas invitados, entre ellos:  <\/p>\n\n\n\n<p>&#8211; Ana Mar\u00eda Ram\u00edrez, m\u00e9dica especialista en m\u00e9todos de reconocimiento de la fertilidad.  <\/p>\n\n\n\n<p>&#8211; Indira Granados y Pablo De la Victoria, del Movimiento Familiar Carism\u00e1tico.  <\/p>\n\n\n\n<p>&#8211; Padre Iv\u00e1n Jos\u00e9 Ruiz Vidal, asesor de la Renovaci\u00f3n Carism\u00e1tica Cat\u00f3lica de Cartagena.  <\/p>\n\n\n\n<p>El evento est\u00e1 dirigido a esposos, j\u00f3venes, adultos y ni\u00f1os, quienes podr\u00e1n participar en actividades especialmente dise\u00f1adas para cada grupo. Simult\u00e1neamente, se realizar\u00e1 un Seminario de Vida en el Esp\u00edritu para ni\u00f1os y j\u00f3venes, enfocado en las necesidades de su edad.<\/p>\n\n\n\n<p><strong>Donaci\u00f3n y participaci\u00f3n<\/strong><\/p>\n\n\n\n<p>Para cubrir los gastos del evento, se solicita una donaci\u00f3n por familia de $30,000, que se puede entregar al ingreso del congreso. La invitaci\u00f3n est\u00e1 abierta a todas las familias interesadas en fortalecer sus lazos familiares y profundizar en su fe.&#8221;No te pierdas esta oportunidad \u00fanica para fortalecer los lazos familiares y profundizar en tu fe. Ven y descubre c\u00f3mo, juntos, podemos construir un futuro lleno de amor y espiritualidad&#8221;, afirm\u00f3 el Padre Iv\u00e1n Jos\u00e9 Ruiz Vidal.<\/p>\n\n\n\n<p>Este congreso promete ser un espacio de reflexi\u00f3n, crecimiento y uni\u00f3n para las familias cartageneras, resaltando su papel fundamental en la sociedad y en la iglesia.<\/p>\n","protected":false},"excerpt":{"rendered":"<p>El evento busca fortalecer espiritualmente a las familias a trav\u00e9s de charlas y talleres sobre fe y vida familiar<\/p>\n","protected":false},"author":2,"featured_media":7231,"comment_status":"closed","ping_status":"closed","sticky":false,"template":"","format":"standard","meta":{"om_disable_all_campaigns":false,"_monsterinsights_skip_tracking":false,"_monsterinsights_sitenote_active":false,"_monsterinsights_sitenote_note":"","_monsterinsights_sitenote_category":0,"footnotes":""},"categories":[107,102],"tags":[303],"class_list":["post-7230","post","type-post","status-publish","format-standard","has-post-thumbnail","hentry","category-cultura","category-generales","tag-arquidiocesis-cartagena"],"_links":{"self":[{"href":"https:\/\/cartagenaaldia.com\/index.php\/wp-json\/wp\/v2\/posts\/7230","targetHints":{"allow":["GET"]}}],"collection":[{"href":"https:\/\/cartagenaaldia.com\/index.php\/wp-json\/wp\/v2\/posts"}],"about":[{"href":"https:\/\/cartagenaaldia.com\/index.php\/wp-json\/wp\/v2\/types\/post"}],"author":[{"embeddable":true,"href":"https:\/\/cartagenaaldia.com\/index.php\/wp-json\/wp\/v2\/users\/2"}],"replies":[{"embeddable":true,"href":"https:\/\/cartagenaaldia.com\/index.php\/wp-json\/wp\/v2\/comments?post=7230"}],"version-history":[{"count":1,"href":"https:\/\/cartagenaaldia.com\/index.php\/wp-json\/wp\/v2\/posts\/7230\/revisions"}],"predecessor-version":[{"id":7232,"href":"https:\/\/cartagenaaldia.com\/index.php\/wp-json\/wp\/v2\/posts\/7230\/revisions\/7232"}],"wp:featuredmedia":[{"embeddable":true,"href":"https:\/\/cartagenaaldia.com\/index.php\/wp-json\/wp\/v2\/media\/7231"}],"wp:attachment":[{"href":"https:\/\/cartagenaaldia.com\/index.php\/wp-json\/wp\/v2\/media?parent=7230"}],"wp:term":[{"taxonomy":"category","embeddable":true,"href":"https:\/\/cartagenaaldia.com\/index.php\/wp-json\/wp\/v2\/categories?post=7230"},{"taxonomy":"post_tag","embeddable":true,"href":"https:\/\/cartagenaaldia.com\/index.php\/wp-json\/wp\/v2\/tags?post=7230"}],"curies":[{"name":"wp","href":"https:\/\/api.w.org\/{rel}","templated":true}]}}