{"id":7186,"date":"2024-10-11T17:33:31","date_gmt":"2024-10-11T22:33:31","guid":{"rendered":"https:\/\/cartagenaaldia.com\/?p=7186"},"modified":"2024-10-23T17:43:32","modified_gmt":"2024-10-23T22:43:32","slug":"cartagena-acoge-el-ix-foro-de-jovenes-emprendedores-generacion-5-0","status":"publish","type":"post","link":"https:\/\/cartagenaaldia.com\/index.php\/2024\/10\/11\/cartagena-acoge-el-ix-foro-de-jovenes-emprendedores-generacion-5-0\/","title":{"rendered":"Cartagena acoge el IX Foro de J\u00f3venes Emprendedores Generaci\u00f3n 5.0"},"content":{"rendered":"\n<p><strong>Sala Redacci\u00f3n (IA). &#8211;<\/strong> La ciudad de Cartagena fue el escenario del IX Foro de J\u00f3venes Emprendedores Generaci\u00f3n 5.0, organizado por la C\u00e1mara de Comercio de Cartagena, donde m\u00e1s de 1.800 j\u00f3venes emprendedores y entidades aliadas se dieron cita en el Centro de Convenciones Cartagena de Indias. Este evento, considerado el m\u00e1s importante para fomentar el emprendimiento juvenil en la regi\u00f3n Caribe, resalt\u00f3 el talento joven en rob\u00f3tica, industria aeroespacial y tecnolog\u00eda.<\/p>\n\n\n\n<p>Durante el foro, los asistentes disfrutaron de charlas inspiradoras de reconocidos l\u00edderes como Andr\u00e9s Bilbao (Cofundador de Rappi), Rafael Socarr\u00e1s (Bodytech) y Pedro Palacio (actor y creador de contenido digital). Adem\u00e1s, los cofundadores de Xory Space destacaron por su visi\u00f3n en la industria aeroespacial y digital. El foro tambi\u00e9n incluy\u00f3 presentaciones musicales a cargo del artista MC Car y La Mega, animando al p\u00fablico.<\/p>\n\n\n\n<p>Uno de los momentos m\u00e1s esperados fue la premiaci\u00f3n de los mejores Pitch, donde diez emprendedores fueron reconocidos por su innovaci\u00f3n y modelo de negocio con gran impacto en sus industrias.&nbsp;<\/p>\n\n\n\n<p><strong>Lanzamiento del programa Generaci\u00f3n E&nbsp;<\/strong><\/p>\n\n\n\n<p>Durante el foro, se present\u00f3 el programa Generaci\u00f3n E, una nueva iniciativa en alianza con USAID y ACDI\/VOCA, que busca capacitar a j\u00f3venes entre 18 y 29 a\u00f1os. Este programa ofrecer\u00e1 mentor\u00edas, asesor\u00eda t\u00e9cnica y acceso a redes empresariales, as\u00ed como apoyo en la capitalizaci\u00f3n con activos productivos para garantizar la sostenibilidad de sus emprendimientos.&nbsp;<\/p>\n\n\n\n<p>Andrea Pi\u00f1a G\u00f3mez, presidenta de la C\u00e1mara de Comercio de Cartagena, destac\u00f3: \u201cGeneraci\u00f3n E es una apuesta para que los j\u00f3venes lleven sus emprendimientos al siguiente nivel, enfrentando los desaf\u00edos del mercado con las herramientas adecuadas.\u201d<\/p>\n\n\n\n<p><strong>Feria comercial y alianzas estrat\u00e9gicas<\/strong><\/p>\n\n\n\n<p>El evento incluy\u00f3 una feria comercial con la participaci\u00f3n de 40 j\u00f3venes emprendedores, quienes exhibieron sus productos y servicios, creando redes de contacto y recibiendo retroalimentaci\u00f3n de expertos. La C\u00e1mara de Comercio cont\u00f3 con aliados estrat\u00e9gicos como Rappi, Bodytech, Holiday Inn Express, Esenttia, y otros.<\/p>\n\n\n\n<p>El foro cerr\u00f3 con grandes expectativas para la d\u00e9cima edici\u00f3n, planeando ampliar su alcance y consolidar a Cartagena como un referente de talento juvenil, emprendimiento y desarrollo tecnol\u00f3gico en la regi\u00f3n Caribe.<\/p>\n","protected":false},"excerpt":{"rendered":"<p>M\u00e1s de 1.800 j\u00f3venes participaron en el evento m\u00e1s importante del Caribe, destacando tecnolog\u00eda, rob\u00f3tica y emprendimiento juvenil<\/p>\n","protected":false},"author":2,"featured_media":7187,"comment_status":"closed","ping_status":"closed","sticky":false,"template":"","format":"standard","meta":{"om_disable_all_campaigns":false,"_monsterinsights_skip_tracking":false,"_monsterinsights_sitenote_active":false,"_monsterinsights_sitenote_note":"","_monsterinsights_sitenote_category":0,"footnotes":""},"categories":[103,102],"tags":[428],"class_list":["post-7186","post","type-post","status-publish","format-standard","has-post-thumbnail","hentry","category-economia","category-generales","tag-camara-cartagena"],"_links":{"self":[{"href":"https:\/\/cartagenaaldia.com\/index.php\/wp-json\/wp\/v2\/posts\/7186","targetHints":{"allow":["GET"]}}],"collection":[{"href":"https:\/\/cartagenaaldia.com\/index.php\/wp-json\/wp\/v2\/posts"}],"about":[{"href":"https:\/\/cartagenaaldia.com\/index.php\/wp-json\/wp\/v2\/types\/post"}],"author":[{"embeddable":true,"href":"https:\/\/cartagenaaldia.com\/index.php\/wp-json\/wp\/v2\/users\/2"}],"replies":[{"embeddable":true,"href":"https:\/\/cartagenaaldia.com\/index.php\/wp-json\/wp\/v2\/comments?post=7186"}],"version-history":[{"count":1,"href":"https:\/\/cartagenaaldia.com\/index.php\/wp-json\/wp\/v2\/posts\/7186\/revisions"}],"predecessor-version":[{"id":7188,"href":"https:\/\/cartagenaaldia.com\/index.php\/wp-json\/wp\/v2\/posts\/7186\/revisions\/7188"}],"wp:featuredmedia":[{"embeddable":true,"href":"https:\/\/cartagenaaldia.com\/index.php\/wp-json\/wp\/v2\/media\/7187"}],"wp:attachment":[{"href":"https:\/\/cartagenaaldia.com\/index.php\/wp-json\/wp\/v2\/media?parent=7186"}],"wp:term":[{"taxonomy":"category","embeddable":true,"href":"https:\/\/cartagenaaldia.com\/index.php\/wp-json\/wp\/v2\/categories?post=7186"},{"taxonomy":"post_tag","embeddable":true,"href":"https:\/\/cartagenaaldia.com\/index.php\/wp-json\/wp\/v2\/tags?post=7186"}],"curies":[{"name":"wp","href":"https:\/\/api.w.org\/{rel}","templated":true}]}}