{"id":7174,"date":"2024-10-23T09:58:48","date_gmt":"2024-10-23T14:58:48","guid":{"rendered":"https:\/\/cartagenaaldia.com\/?p=7174"},"modified":"2024-10-23T09:58:49","modified_gmt":"2024-10-23T14:58:49","slug":"yamil-arana-impulsa-menos-escritorio-mas-territorio-con-gira-por-bolivar","status":"publish","type":"post","link":"https:\/\/cartagenaaldia.com\/index.php\/2024\/10\/23\/yamil-arana-impulsa-menos-escritorio-mas-territorio-con-gira-por-bolivar\/","title":{"rendered":"Yamil Arana impulsa \u201cMenos escritorio, m\u00e1s territorio\u201d con gira por Bol\u00edvar"},"content":{"rendered":"\n<p><strong>Sala Redacci\u00f3n (IA). &#8211;<\/strong> El gobernador de Bol\u00edvar, Yamil Arana Padau\u00ed, ha iniciado una innovadora estrategia de gesti\u00f3n bajo el lema \u201cMenos escritorio, m\u00e1s territorio\u201d, con el objetivo de acercar su gobierno a las comunidades. Durante una gira de 10 d\u00edas, que comienza el 25 de octubre en Pinillos, Arana recorrer\u00e1 los municipios de Magangu\u00e9, Talaigua, Cicuco y Pinillos, supervisando proyectos, inaugurando obras y dialogando directamente con los habitantes para resolver problem\u00e1ticas locales.  <\/p>\n\n\n\n<p>En esta iniciativa, la Gobernaci\u00f3n busca trascender las oficinas para trabajar de la mano con los ciudadanos. Yamil Arana ha enfatizado la importancia de conocer de primera mano las necesidades de las comunidades, trazando rutas conjuntas con sus l\u00edderes para implementar soluciones efectivas.  <\/p>\n\n\n\n<p><strong>Proyectos e iniciativas clave<\/strong><\/p>\n\n\n\n<p>En Tacasaluma, Magangu\u00e9, el gobernador inaugurar\u00e1 una carretera que mejorar\u00e1 la conectividad regional, mientras que en Pi\u00f1alito anunciar\u00e1 una importante inversi\u00f3n en el acueducto para garantizar agua potable. Estos proyectos son parte de un plan integral de desarrollo rural que busca elevar la calidad de vida de los bolivarenses.  <\/p>\n\n\n\n<p>Durante su paso por Talaigua Nuevo, Arana inspeccionar\u00e1 las obras del nuevo estadio, reafirmando su compromiso con el fomento deportivo y social. Asimismo, en Cicuco, revisar\u00e1 otros proyectos de infraestructura vital para la regi\u00f3n.  <\/p>\n\n\n\n<p><strong>Colaboraci\u00f3n con gobiernos locales<\/strong><\/p>\n\n\n\n<p>Uno de los puntos destacados de la gira ser\u00e1 el trabajo conjunto con el alcalde de Magangu\u00e9, Pedro Al\u00ed, para avanzar en la reubicaci\u00f3n de familias afectadas en los barrios Santa Luc\u00eda y Girardot, un problema de larga data. Esta colaboraci\u00f3n evidencia la capacidad de la administraci\u00f3n de Yamil Arana para coordinar esfuerzos con los gobiernos locales y ofrecer soluciones definitivas.  <\/p>\n\n\n\n<p><strong>Una gesti\u00f3n cercana y eficaz<\/strong><\/p>\n\n\n\n<p>La estrategia \u201cMenos escritorio, m\u00e1s territorio\u201d refleja una gesti\u00f3n orientada a la transparencia y eficacia, donde las decisiones se toman en el terreno, junto a los ciudadanos. \u201cEste es un gobierno de puertas abiertas, donde estamos comprometidos a transformar Bol\u00edvar, trabajando cerca de la gente y llevando desarrollo a todos los rincones del departamento\u201d, destac\u00f3 Yamil Arana.<\/p>\n\n\n\n<p>Con esta gira, el gobernador reafirma su enfoque en acortar brechas sociales y mejorar las condiciones de vida de las comunidades rurales mediante una gesti\u00f3n proactiva y cercana. La iniciativa se perfila como un ejemplo de gobierno en acci\u00f3n, orientado hacia un Bol\u00edvar m\u00e1s pr\u00f3spero y equitativo.<\/p>\n","protected":false},"excerpt":{"rendered":"<p>El gobernador Yamil Arana lanza una gira de 10 d\u00edas por Bol\u00edvar, llevando la oferta institucional y gestionando soluciones en territorio<\/p>\n","protected":false},"author":2,"featured_media":7175,"comment_status":"closed","ping_status":"closed","sticky":false,"template":"","format":"standard","meta":{"om_disable_all_campaigns":false,"_monsterinsights_skip_tracking":false,"_monsterinsights_sitenote_active":false,"_monsterinsights_sitenote_note":"","_monsterinsights_sitenote_category":0,"footnotes":""},"categories":[110,102],"tags":[380],"class_list":["post-7174","post","type-post","status-publish","format-standard","has-post-thumbnail","hentry","category-bolivar","category-generales","tag-gobernacion-bolivar"],"_links":{"self":[{"href":"https:\/\/cartagenaaldia.com\/index.php\/wp-json\/wp\/v2\/posts\/7174","targetHints":{"allow":["GET"]}}],"collection":[{"href":"https:\/\/cartagenaaldia.com\/index.php\/wp-json\/wp\/v2\/posts"}],"about":[{"href":"https:\/\/cartagenaaldia.com\/index.php\/wp-json\/wp\/v2\/types\/post"}],"author":[{"embeddable":true,"href":"https:\/\/cartagenaaldia.com\/index.php\/wp-json\/wp\/v2\/users\/2"}],"replies":[{"embeddable":true,"href":"https:\/\/cartagenaaldia.com\/index.php\/wp-json\/wp\/v2\/comments?post=7174"}],"version-history":[{"count":1,"href":"https:\/\/cartagenaaldia.com\/index.php\/wp-json\/wp\/v2\/posts\/7174\/revisions"}],"predecessor-version":[{"id":7176,"href":"https:\/\/cartagenaaldia.com\/index.php\/wp-json\/wp\/v2\/posts\/7174\/revisions\/7176"}],"wp:featuredmedia":[{"embeddable":true,"href":"https:\/\/cartagenaaldia.com\/index.php\/wp-json\/wp\/v2\/media\/7175"}],"wp:attachment":[{"href":"https:\/\/cartagenaaldia.com\/index.php\/wp-json\/wp\/v2\/media?parent=7174"}],"wp:term":[{"taxonomy":"category","embeddable":true,"href":"https:\/\/cartagenaaldia.com\/index.php\/wp-json\/wp\/v2\/categories?post=7174"},{"taxonomy":"post_tag","embeddable":true,"href":"https:\/\/cartagenaaldia.com\/index.php\/wp-json\/wp\/v2\/tags?post=7174"}],"curies":[{"name":"wp","href":"https:\/\/api.w.org\/{rel}","templated":true}]}}