{"id":7111,"date":"2024-10-18T17:02:49","date_gmt":"2024-10-18T22:02:49","guid":{"rendered":"https:\/\/cartagenaaldia.com\/?p=7111"},"modified":"2024-10-18T17:15:01","modified_gmt":"2024-10-18T22:15:01","slug":"ecopetrol-e-invemar-sellan-alianza-para-conservar-ecosistemas-marino-costeros-del-caribe","status":"publish","type":"post","link":"https:\/\/cartagenaaldia.com\/index.php\/2024\/10\/18\/ecopetrol-e-invemar-sellan-alianza-para-conservar-ecosistemas-marino-costeros-del-caribe\/","title":{"rendered":"Ecopetrol e Invemar sellan alianza para conservar ecosistemas marino-costeros del Caribe"},"content":{"rendered":"\n<p><strong>Sala Redacci\u00f3n (IA). &#8211;<\/strong> Ecopetrol y el Instituto de Investigaciones Marinas y Costeras (Invemar) firmaron un convenio para fomentar la generaci\u00f3n de conocimiento, la conservaci\u00f3n de ecosistemas y la promoci\u00f3n de los servicios ambientales en las zonas marino-costeras del Caribe colombiano. Este acuerdo forma parte de la estrategia ambiental de Ecopetrol y se desarrollar\u00e1 en tres fases clave.&nbsp;<\/p>\n\n\n\n<p>En la <strong>primera fase<\/strong>, se realizar\u00e1 un diagn\u00f3stico ambiental que abarcar\u00e1 manglares y pastos marinos en los municipios de Riohacha, Dibulla, Manaure y Uribia, en La Guajira. Esta evaluaci\u00f3n proporcionar\u00e1 informaci\u00f3n sobre la distribuci\u00f3n, cobertura y grado de intervenci\u00f3n de estos ecosistemas.&nbsp;<\/p>\n\n\n\n<p>La <strong>segunda fase<\/strong> se centrar\u00e1 en la implementaci\u00f3n de medidas de conservaci\u00f3n con la participaci\u00f3n activa de las comunidades locales, mientras que en la <strong>tercera fase<\/strong> se impulsar\u00e1n proyectos de investigaci\u00f3n orientados a la rehabilitaci\u00f3n y promoci\u00f3n de estos ecosistemas estrat\u00e9gicos.&nbsp;<\/p>\n\n\n\n<p>Uno de los objetivos principales del convenio es determinar la capacidad de los manglares y pastos marinos para capturar gas carb\u00f3nico, as\u00ed como actualizar los mapas de ubicaci\u00f3n de estos ecosistemas.&nbsp;<\/p>\n\n\n\n<p>Elsa Jeanneth Jaimes, vicepresidenta de Costa Afuera de Ecopetrol, destac\u00f3 que la colaboraci\u00f3n refuerza el compromiso de la empresa con la protecci\u00f3n ambiental, especialmente para sus operaciones en el mar. Francisco Arias Isaza, director del Invemar, se\u00f1al\u00f3 que este acuerdo es fundamental para respaldar la transici\u00f3n energ\u00e9tica del pa\u00eds con informaci\u00f3n cient\u00edfica que tambi\u00e9n atienda las necesidades de las comunidades costeras.&nbsp;<\/p>\n\n\n\n<figure class=\"wp-block-embed is-type-video is-provider-youtube wp-block-embed-youtube wp-embed-aspect-16-9 wp-has-aspect-ratio\"><div class=\"wp-block-embed__wrapper\">\n<iframe title=\"Convenio Ecopetrol Invemar - Elsa Jaimes\" width=\"500\" height=\"281\" src=\"https:\/\/www.youtube.com\/embed\/5_e2np0NaHY?feature=oembed\" frameborder=\"0\" allow=\"accelerometer; autoplay; clipboard-write; encrypted-media; gyroscope; picture-in-picture; web-share\" referrerpolicy=\"strict-origin-when-cross-origin\" allowfullscreen><\/iframe>\n<\/div><\/figure>\n","protected":false},"excerpt":{"rendered":"<p>Las entidades trabajar\u00e1n en la conservaci\u00f3n y promoci\u00f3n de ecosistemas estrat\u00e9gicos en La Guajira<\/p>\n","protected":false},"author":2,"featured_media":7112,"comment_status":"closed","ping_status":"closed","sticky":false,"template":"","format":"standard","meta":{"om_disable_all_campaigns":false,"_monsterinsights_skip_tracking":false,"_monsterinsights_sitenote_active":false,"_monsterinsights_sitenote_note":"","_monsterinsights_sitenote_category":0,"footnotes":""},"categories":[103,102],"tags":[230],"class_list":["post-7111","post","type-post","status-publish","format-standard","has-post-thumbnail","hentry","category-economia","category-generales","tag-ecopetrol"],"_links":{"self":[{"href":"https:\/\/cartagenaaldia.com\/index.php\/wp-json\/wp\/v2\/posts\/7111","targetHints":{"allow":["GET"]}}],"collection":[{"href":"https:\/\/cartagenaaldia.com\/index.php\/wp-json\/wp\/v2\/posts"}],"about":[{"href":"https:\/\/cartagenaaldia.com\/index.php\/wp-json\/wp\/v2\/types\/post"}],"author":[{"embeddable":true,"href":"https:\/\/cartagenaaldia.com\/index.php\/wp-json\/wp\/v2\/users\/2"}],"replies":[{"embeddable":true,"href":"https:\/\/cartagenaaldia.com\/index.php\/wp-json\/wp\/v2\/comments?post=7111"}],"version-history":[{"count":2,"href":"https:\/\/cartagenaaldia.com\/index.php\/wp-json\/wp\/v2\/posts\/7111\/revisions"}],"predecessor-version":[{"id":7114,"href":"https:\/\/cartagenaaldia.com\/index.php\/wp-json\/wp\/v2\/posts\/7111\/revisions\/7114"}],"wp:featuredmedia":[{"embeddable":true,"href":"https:\/\/cartagenaaldia.com\/index.php\/wp-json\/wp\/v2\/media\/7112"}],"wp:attachment":[{"href":"https:\/\/cartagenaaldia.com\/index.php\/wp-json\/wp\/v2\/media?parent=7111"}],"wp:term":[{"taxonomy":"category","embeddable":true,"href":"https:\/\/cartagenaaldia.com\/index.php\/wp-json\/wp\/v2\/categories?post=7111"},{"taxonomy":"post_tag","embeddable":true,"href":"https:\/\/cartagenaaldia.com\/index.php\/wp-json\/wp\/v2\/tags?post=7111"}],"curies":[{"name":"wp","href":"https:\/\/api.w.org\/{rel}","templated":true}]}}