{"id":7105,"date":"2024-10-18T16:16:36","date_gmt":"2024-10-18T21:16:36","guid":{"rendered":"https:\/\/cartagenaaldia.com\/?p=7105"},"modified":"2024-10-18T16:16:37","modified_gmt":"2024-10-18T21:16:37","slug":"crecimiento-del-ise-en-agosto-2024-alcanza-2-pero-persisten-desafios-estructurales","status":"publish","type":"post","link":"https:\/\/cartagenaaldia.com\/index.php\/2024\/10\/18\/crecimiento-del-ise-en-agosto-2024-alcanza-2-pero-persisten-desafios-estructurales\/","title":{"rendered":"Crecimiento del ISE en agosto 2024 alcanza 2%, pero persisten desaf\u00edos estructurales"},"content":{"rendered":"\n<p><strong>Sala redacci\u00f3n (IA). &#8211;<\/strong> El Departamento Administrativo Nacional de Estad\u00edstica (DANE) inform\u00f3 que el \u00cdndice de Seguimiento Econ\u00f3mico (ISE) creci\u00f3 2,0% en agosto de 2024, en comparaci\u00f3n con el mismo mes del a\u00f1o anterior. Este resultado representa un alivio tras la ca\u00edda registrada en junio, pero la econom\u00eda a\u00fan enfrenta importantes desaf\u00edos, especialmente en sectores como la industria y la construcci\u00f3n.&nbsp;<\/p>\n\n\n\n<p><strong>An\u00e1lisis del crecimiento por sectores&nbsp;<\/strong><\/p>\n\n\n\n<p>Las actividades primarias, que incluyen agricultura, pesca y miner\u00eda, lideraron el crecimiento en agosto con un 3,5%, destac\u00e1ndose como el sector m\u00e1s din\u00e1mico del periodo. Las actividades terciarias (servicios) tambi\u00e9n tuvieron un desempe\u00f1o positivo, registrando un aumento del 2,4%. En este grupo, sobresale el comercio con un crecimiento del 3,3%, luego de mostrar un comportamiento modesto durante gran parte del a\u00f1o. Adem\u00e1s, las actividades financieras y de seguros crecieron un 3,0%, mientras que administraci\u00f3n p\u00fablica, educaci\u00f3n, salud y entretenimiento mostraron un incremento del 2,8%.&nbsp;<\/p>\n\n\n\n<p>Sin embargo, las actividades secundarias, que incluyen industria y construcci\u00f3n, contin\u00faan en terreno negativo, con una ca\u00edda del -1,4% respecto a agosto de 2023. Esta contracci\u00f3n refleja 17 meses consecutivos de resultados negativos en estos sectores, lo que evidencia los desaf\u00edos que enfrenta la reactivaci\u00f3n industrial y de infraestructura en el pa\u00eds.&nbsp;<\/p>\n\n\n\n<p><strong>Balance del a\u00f1o: enero-agosto 2024<\/strong><\/p>\n\n\n\n<p>Durante los primeros ocho meses del a\u00f1o, el ISE muestra un crecimiento acumulado del 1,9%. Las <strong>actividades primarias<\/strong> impulsaron esta cifra con un aumento del 4,2%, mientras que los servicios (actividades terciarias) crecieron 2,2%. Por otro lado, las <strong>actividades secundarias<\/strong> acumulan una ca\u00edda del -1,7% entre enero y agosto de 2024, afectadas principalmente por las dificultades en la industria manufacturera y la construcci\u00f3n.&nbsp;<\/p>\n\n\n\n<p><strong>Impacto de las reformas y preocupaciones futuras<\/strong><\/p>\n\n\n\n<p>A pesar del crecimiento positivo en agosto, la incertidumbre generada por los debates legislativos, en particular las reformas laboral y de salud, podr\u00eda afectar el desempe\u00f1o econ\u00f3mico en los pr\u00f3ximos meses. Expertos advierten que estas reformas han omitido evaluar los impactos sobre la generaci\u00f3n de empleo y sectores clave como la industria, comercio, construcci\u00f3n, y alojamiento y servicios de comida.&nbsp;<\/p>\n\n\n\n<p>El proceso de tramitaci\u00f3n de las reformas tambi\u00e9n genera preocupaci\u00f3n en t\u00e9rminos fiscales y podr\u00eda tener implicaciones en la atenci\u00f3n y calidad de los servicios para los pacientes. La incertidumbre legislativa podr\u00eda desincentivar nuevas inversiones y limitar la recuperaci\u00f3n sostenida de la econom\u00eda, especialmente en los sectores m\u00e1s golpeados.&nbsp;<\/p>\n\n\n\n<p><strong>Un entorno de confianza: clave para la recuperaci\u00f3n<\/strong><\/p>\n\n\n\n<p>El crecimiento econ\u00f3mico del 1,9% en lo que va del a\u00f1o es insuficiente para enfrentar los desaf\u00edos sociales y econ\u00f3micos del pa\u00eds. Seg\u00fan analistas, es fundamental que el gobierno promueva un entorno de confianza con reglas claras y estables que incentiven la inversi\u00f3n y fortalezcan las perspectivas de crecimiento a largo plazo.&nbsp;<\/p>\n\n\n\n<p>&#8220;Para asegurar una recuperaci\u00f3n sostenida, es necesario contar con pol\u00edticas econ\u00f3micas previsibles y una estrategia coherente que impulse el desarrollo de sectores clave&#8221;, advierten economistas consultados.&nbsp;<\/p>\n\n\n\n<p>El camino hacia una recuperaci\u00f3n m\u00e1s s\u00f3lida requerir\u00e1 un esfuerzo conjunto entre el gobierno, los empresarios y los trabajadores para mejorar la productividad y consolidar un crecimiento econ\u00f3mico m\u00e1s robusto y sostenible en los pr\u00f3ximos a\u00f1os.&nbsp;<\/p>\n\n\n\n<p>Este balance del ISE refleja una mezcla de se\u00f1ales positivas y desaf\u00edos que la econom\u00eda colombiana deber\u00e1 enfrentar en lo que resta de 2024. Si bien el crecimiento en algunos sectores es alentador, la debilidad en la industria y la construcci\u00f3n subraya la necesidad de tomar decisiones estrat\u00e9gicas que promuevan un entorno favorable para la inversi\u00f3n y la generaci\u00f3n de empleo.<\/p>\n","protected":false},"excerpt":{"rendered":"<p>El DANE reporta que la econom\u00eda muestra signos de recuperaci\u00f3n, aunque con sectores a\u00fan en terreno negativo<\/p>\n","protected":false},"author":2,"featured_media":7106,"comment_status":"closed","ping_status":"closed","sticky":false,"template":"","format":"standard","meta":{"om_disable_all_campaigns":false,"_monsterinsights_skip_tracking":false,"_monsterinsights_sitenote_active":false,"_monsterinsights_sitenote_note":"","_monsterinsights_sitenote_category":0,"footnotes":""},"categories":[103,102],"tags":[222],"class_list":["post-7105","post","type-post","status-publish","format-standard","has-post-thumbnail","hentry","category-economia","category-generales","tag-andi"],"_links":{"self":[{"href":"https:\/\/cartagenaaldia.com\/index.php\/wp-json\/wp\/v2\/posts\/7105","targetHints":{"allow":["GET"]}}],"collection":[{"href":"https:\/\/cartagenaaldia.com\/index.php\/wp-json\/wp\/v2\/posts"}],"about":[{"href":"https:\/\/cartagenaaldia.com\/index.php\/wp-json\/wp\/v2\/types\/post"}],"author":[{"embeddable":true,"href":"https:\/\/cartagenaaldia.com\/index.php\/wp-json\/wp\/v2\/users\/2"}],"replies":[{"embeddable":true,"href":"https:\/\/cartagenaaldia.com\/index.php\/wp-json\/wp\/v2\/comments?post=7105"}],"version-history":[{"count":1,"href":"https:\/\/cartagenaaldia.com\/index.php\/wp-json\/wp\/v2\/posts\/7105\/revisions"}],"predecessor-version":[{"id":7107,"href":"https:\/\/cartagenaaldia.com\/index.php\/wp-json\/wp\/v2\/posts\/7105\/revisions\/7107"}],"wp:featuredmedia":[{"embeddable":true,"href":"https:\/\/cartagenaaldia.com\/index.php\/wp-json\/wp\/v2\/media\/7106"}],"wp:attachment":[{"href":"https:\/\/cartagenaaldia.com\/index.php\/wp-json\/wp\/v2\/media?parent=7105"}],"wp:term":[{"taxonomy":"category","embeddable":true,"href":"https:\/\/cartagenaaldia.com\/index.php\/wp-json\/wp\/v2\/categories?post=7105"},{"taxonomy":"post_tag","embeddable":true,"href":"https:\/\/cartagenaaldia.com\/index.php\/wp-json\/wp\/v2\/tags?post=7105"}],"curies":[{"name":"wp","href":"https:\/\/api.w.org\/{rel}","templated":true}]}}