{"id":7101,"date":"2024-10-18T11:14:24","date_gmt":"2024-10-18T16:14:24","guid":{"rendered":"https:\/\/cartagenaaldia.com\/?p=7101"},"modified":"2025-04-15T19:00:34","modified_gmt":"2025-04-16T00:00:34","slug":"cartagena-acoge-el-segundo-congreso-de-hidrogeno-y-eficiencia-energetica","status":"publish","type":"post","link":"https:\/\/cartagenaaldia.com\/index.php\/2024\/10\/18\/cartagena-acoge-el-segundo-congreso-de-hidrogeno-y-eficiencia-energetica\/","title":{"rendered":"Cartagena acoge el Segundo Congreso de Hidr\u00f3geno y Eficiencia Energ\u00e9tica"},"content":{"rendered":"\n<p><strong>Sala Redacci\u00f3n (IA). &#8211;<\/strong> La Asociaci\u00f3n Nacional de Empresarios de Colombia (ANDI) y Naturgas inauguraron el Segundo Congreso de Hidr\u00f3geno y Eficiencia Energ\u00e9tica en el Centro de Convenciones de Cartagena. Con m\u00e1s de 200 asistentes y una agenda de dos d\u00edas, el encuentro busca posicionar a Colombia como l\u00edder global en la producci\u00f3n de hidr\u00f3geno.  <\/p>\n\n\n\n<p>Jaime Concha, Vicepresidente de Miner\u00eda, Hidrocarburos y Energ\u00eda de la ANDI, destac\u00f3 que \u201cel 25% de la descarbonizaci\u00f3n mundial se lograr\u00e1 mediante eficiencia energ\u00e9tica, y el hidr\u00f3geno jugar\u00e1 un papel crucial en esa transformaci\u00f3n\u201d.  <\/p>\n\n\n\n<p>Por su parte, Herm\u00e1n Gal\u00e1n, presidente de la Junta Directiva de la C\u00e1mara de Hidr\u00f3geno ANDI-Naturgas, se\u00f1al\u00f3 la necesidad de hacer los proyectos de hidr\u00f3geno m\u00e1s competitivos: \u201cColombia tiene la oportunidad de convertirse en un actor clave en la transici\u00f3n energ\u00e9tica global\u201d.  <\/p>\n\n\n\n<p>Rafael Scott, Socio Senior de McKinsey, advirti\u00f3 sobre los desaf\u00edos de las transiciones energ\u00e9ticas: \u201cEstas transformaciones toman entre 50 y 60 a\u00f1os. No se trata solo de cambiar la fuente de energ\u00eda, sino de considerar c\u00f3mo se almacena, transporta y consume\u201d.  <\/p>\n\n\n\n<p>El congreso contin\u00faa el 18 de octubre con la intervenci\u00f3n del presidente de la ANDI, Bruce Mac Master.<\/p>\n","protected":false},"excerpt":{"rendered":"<p>El evento re\u00fane a expertos nacionales e internacionales para impulsar la producci\u00f3n de hidr\u00f3geno en Colombia<\/p>\n","protected":false},"author":2,"featured_media":7103,"comment_status":"closed","ping_status":"closed","sticky":false,"template":"","format":"standard","meta":{"om_disable_all_campaigns":false,"_monsterinsights_skip_tracking":false,"_monsterinsights_sitenote_active":false,"_monsterinsights_sitenote_note":"","_monsterinsights_sitenote_category":0,"footnotes":""},"categories":[103,102],"tags":[222],"class_list":["post-7101","post","type-post","status-publish","format-standard","has-post-thumbnail","hentry","category-economia","category-generales","tag-andi"],"_links":{"self":[{"href":"https:\/\/cartagenaaldia.com\/index.php\/wp-json\/wp\/v2\/posts\/7101","targetHints":{"allow":["GET"]}}],"collection":[{"href":"https:\/\/cartagenaaldia.com\/index.php\/wp-json\/wp\/v2\/posts"}],"about":[{"href":"https:\/\/cartagenaaldia.com\/index.php\/wp-json\/wp\/v2\/types\/post"}],"author":[{"embeddable":true,"href":"https:\/\/cartagenaaldia.com\/index.php\/wp-json\/wp\/v2\/users\/2"}],"replies":[{"embeddable":true,"href":"https:\/\/cartagenaaldia.com\/index.php\/wp-json\/wp\/v2\/comments?post=7101"}],"version-history":[{"count":2,"href":"https:\/\/cartagenaaldia.com\/index.php\/wp-json\/wp\/v2\/posts\/7101\/revisions"}],"predecessor-version":[{"id":7104,"href":"https:\/\/cartagenaaldia.com\/index.php\/wp-json\/wp\/v2\/posts\/7101\/revisions\/7104"}],"wp:featuredmedia":[{"embeddable":true,"href":"https:\/\/cartagenaaldia.com\/index.php\/wp-json\/wp\/v2\/media\/7103"}],"wp:attachment":[{"href":"https:\/\/cartagenaaldia.com\/index.php\/wp-json\/wp\/v2\/media?parent=7101"}],"wp:term":[{"taxonomy":"category","embeddable":true,"href":"https:\/\/cartagenaaldia.com\/index.php\/wp-json\/wp\/v2\/categories?post=7101"},{"taxonomy":"post_tag","embeddable":true,"href":"https:\/\/cartagenaaldia.com\/index.php\/wp-json\/wp\/v2\/tags?post=7101"}],"curies":[{"name":"wp","href":"https:\/\/api.w.org\/{rel}","templated":true}]}}