{"id":7098,"date":"2024-10-17T16:46:15","date_gmt":"2024-10-17T21:46:15","guid":{"rendered":"https:\/\/cartagenaaldia.com\/?p=7098"},"modified":"2024-10-17T16:46:16","modified_gmt":"2024-10-17T21:46:16","slug":"surtigas-y-gobernacion-de-sucre-inauguran-gasoducto-en-sampues","status":"publish","type":"post","link":"https:\/\/cartagenaaldia.com\/index.php\/2024\/10\/17\/surtigas-y-gobernacion-de-sucre-inauguran-gasoducto-en-sampues\/","title":{"rendered":"Surtigas y Gobernaci\u00f3n de Sucre inauguran gasoducto en Sampu\u00e9s"},"content":{"rendered":"\n<p><strong>Sala Redacci\u00f3n (IA). &#8211;<\/strong> Surtigas, en alianza con la Gobernaci\u00f3n de Sucre, inaugur\u00f3 el gasoducto que llevar\u00e1 gas natural a las poblaciones de Segovia y Mateo P\u00e9rez en Sampu\u00e9s, Sucre. Esta primera entrega forma parte de un proyecto mayor que busca gasificar 15 localidades del departamento.&nbsp;<\/p>\n\n\n\n<p>Surtigas invirti\u00f3 $200 millones en redes de distribuci\u00f3n, mientras la Gobernaci\u00f3n destin\u00f3 $8.600 millones para subsidiar acometidas e instalaciones internas, facilitando el acceso al servicio.&nbsp;<\/p>\n\n\n\n<p>\u201cEstas alianzas mejoran la calidad del aire y transforman la vida de miles de familias\u201d, afirm\u00f3 Santiago Mej\u00eda, Gerente General de Surtigas.<\/p>\n","protected":false},"excerpt":{"rendered":"<p>El nuevo gasoducto beneficia a 620 familias de Segovia y Mateo P\u00e9rez, promoviendo desarrollo y sostenibilidad<\/p>\n","protected":false},"author":2,"featured_media":7099,"comment_status":"closed","ping_status":"closed","sticky":false,"template":"","format":"standard","meta":{"om_disable_all_campaigns":false,"_monsterinsights_skip_tracking":false,"_monsterinsights_sitenote_active":false,"_monsterinsights_sitenote_note":"","_monsterinsights_sitenote_category":0,"footnotes":""},"categories":[103,102],"tags":[131],"class_list":["post-7098","post","type-post","status-publish","format-standard","has-post-thumbnail","hentry","category-economia","category-generales","tag-surtigas"],"_links":{"self":[{"href":"https:\/\/cartagenaaldia.com\/index.php\/wp-json\/wp\/v2\/posts\/7098","targetHints":{"allow":["GET"]}}],"collection":[{"href":"https:\/\/cartagenaaldia.com\/index.php\/wp-json\/wp\/v2\/posts"}],"about":[{"href":"https:\/\/cartagenaaldia.com\/index.php\/wp-json\/wp\/v2\/types\/post"}],"author":[{"embeddable":true,"href":"https:\/\/cartagenaaldia.com\/index.php\/wp-json\/wp\/v2\/users\/2"}],"replies":[{"embeddable":true,"href":"https:\/\/cartagenaaldia.com\/index.php\/wp-json\/wp\/v2\/comments?post=7098"}],"version-history":[{"count":1,"href":"https:\/\/cartagenaaldia.com\/index.php\/wp-json\/wp\/v2\/posts\/7098\/revisions"}],"predecessor-version":[{"id":7100,"href":"https:\/\/cartagenaaldia.com\/index.php\/wp-json\/wp\/v2\/posts\/7098\/revisions\/7100"}],"wp:featuredmedia":[{"embeddable":true,"href":"https:\/\/cartagenaaldia.com\/index.php\/wp-json\/wp\/v2\/media\/7099"}],"wp:attachment":[{"href":"https:\/\/cartagenaaldia.com\/index.php\/wp-json\/wp\/v2\/media?parent=7098"}],"wp:term":[{"taxonomy":"category","embeddable":true,"href":"https:\/\/cartagenaaldia.com\/index.php\/wp-json\/wp\/v2\/categories?post=7098"},{"taxonomy":"post_tag","embeddable":true,"href":"https:\/\/cartagenaaldia.com\/index.php\/wp-json\/wp\/v2\/tags?post=7098"}],"curies":[{"name":"wp","href":"https:\/\/api.w.org\/{rel}","templated":true}]}}