{"id":7054,"date":"2024-10-11T06:58:44","date_gmt":"2024-10-11T11:58:44","guid":{"rendered":"https:\/\/cartagenaaldia.com\/?p=7054"},"modified":"2024-10-11T07:10:48","modified_gmt":"2024-10-11T12:10:48","slug":"exito-en-la-inauguracion-del-festiguitarras-2024-en-cartagena","status":"publish","type":"post","link":"https:\/\/cartagenaaldia.com\/index.php\/2024\/10\/11\/exito-en-la-inauguracion-del-festiguitarras-2024-en-cartagena\/","title":{"rendered":"\u00c9xito en la inauguraci\u00f3n del FestiGuitarras 2024 en Cartagena"},"content":{"rendered":"\n<p><strong>Sala Redacci\u00f3n (IA). &#8211;<\/strong> Con una noche inaugural que encant\u00f3 al p\u00fablico, el <strong>FestiGuitarras 2024 <\/strong>comenz\u00f3 con una muestra de <strong>jazz, m\u00fasica cl\u00e1sica y flamenco<\/strong> que dej\u00f3 a los asistentes ovacionando de pie. El evento, que reuni\u00f3 a destacados artistas nacionales e internacionales, se llev\u00f3 a cabo ante un p\u00fablico entusiasta, marcando el inicio de lo que promete ser una celebraci\u00f3n inolvidable de la guitarra.<\/p>\n\n\n\n<p>El guitarrista chileno <strong>Felipe Collarte<\/strong> fue el encargado de abrir la velada con una actuaci\u00f3n t\u00e9cnica y emotiva que impresion\u00f3 al p\u00fablico. Luego, la agrupaci\u00f3n cartagenera <strong>Entre Cuerdas de Comfenalco <\/strong>ofreci\u00f3 un repertorio variado, destacando la riqueza musical de la regi\u00f3n.<\/p>\n\n\n\n<p><strong>Juan Dhas<\/strong>, un talentoso m\u00fasico colombiano, fusion\u00f3 el jazz y la m\u00fasica cl\u00e1sica en una actuaci\u00f3n que captur\u00f3 la atenci\u00f3n de los presentes, mientras que la <strong>Orquesta de Guitarras Adolfo Mej\u00eda de Unibac<\/strong> mostr\u00f3 la fuerza del trabajo en conjunto, preparando el terreno para el d\u00fao venezolano <strong>Santa y Gregory<\/strong>, quienes, con sincron\u00eda y virtuosismo, dejaron una profunda impresi\u00f3n en los asistentes.<\/p>\n\n\n\n<p>El cierre estuvo a cargo del maestro espa\u00f1ol <strong>Daniel Casares<\/strong>, quien deleit\u00f3 con su interpretaci\u00f3n flamenca, cargada de t\u00e9cnica impecable y un profundo sentimiento que reson\u00f3 en cada acorde, sellando una noche m\u00e1gica.<\/p>\n\n\n\n<p><strong>Eduardo Jasb\u00f3n<\/strong>, Director Art\u00edstico del festival, expres\u00f3: \u201c<strong>Esta inauguraci\u00f3n ha superado nuestras expectativas. El talento y la pasi\u00f3n de los artistas han logrado conectar con el p\u00fablico.<\/strong>\u201d<\/p>\n\n\n\n<p>El festival se extender\u00e1 hasta el <strong>13 de octubre<\/strong>, con una programaci\u00f3n que incluye actuaciones en los m\u00e1s emblem\u00e1ticos escenarios de Cartagena, consolid\u00e1ndose como uno de los eventos culturales m\u00e1s importantes de la ciudad este a\u00f1o.<\/p>\n\n\n\n<figure class=\"wp-block-gallery has-nested-images columns-default is-cropped wp-block-gallery-1 is-layout-flex wp-block-gallery-is-layout-flex\">\n<figure class=\"wp-block-image size-large\"><img fetchpriority=\"high\" decoding=\"async\" width=\"1024\" height=\"1024\" data-id=\"7059\" src=\"https:\/\/cartagenaaldia.com\/wp-content\/uploads\/2024\/10\/FestiGuitarras-2024-7-1024x1024.webp\" alt=\"\" class=\"wp-image-7059\"\/><\/figure>\n\n\n\n<figure class=\"wp-block-image size-large\"><img decoding=\"async\" width=\"1024\" height=\"1024\" data-id=\"7060\" src=\"https:\/\/cartagenaaldia.com\/wp-content\/uploads\/2024\/10\/FestiGuitarras-2024-6-1024x1024.webp\" alt=\"\" class=\"wp-image-7060\"\/><\/figure>\n\n\n\n<figure class=\"wp-block-image size-large\"><img decoding=\"async\" width=\"1024\" height=\"1024\" data-id=\"7061\" src=\"https:\/\/cartagenaaldia.com\/wp-content\/uploads\/2024\/10\/FestiGuitarras-2024-5-1024x1024.webp\" alt=\"\" class=\"wp-image-7061\"\/><\/figure>\n\n\n\n<figure class=\"wp-block-image size-large\"><img loading=\"lazy\" decoding=\"async\" width=\"1024\" height=\"1024\" data-id=\"7062\" src=\"https:\/\/cartagenaaldia.com\/wp-content\/uploads\/2024\/10\/FestiGuitarras-2024-4-1024x1024.webp\" alt=\"\" class=\"wp-image-7062\"\/><\/figure>\n\n\n\n<figure class=\"wp-block-image size-large\"><img loading=\"lazy\" decoding=\"async\" width=\"1024\" height=\"1024\" data-id=\"7063\" src=\"https:\/\/cartagenaaldia.com\/wp-content\/uploads\/2024\/10\/FestiGuitarras-2024-3-1024x1024.webp\" alt=\"\" class=\"wp-image-7063\"\/><\/figure>\n\n\n\n<figure class=\"wp-block-image size-large\"><img loading=\"lazy\" decoding=\"async\" width=\"1024\" height=\"1024\" data-id=\"7064\" src=\"https:\/\/cartagenaaldia.com\/wp-content\/uploads\/2024\/10\/FestiGuitarras-2024-2-1024x1024.webp\" alt=\"\" class=\"wp-image-7064\"\/><\/figure>\n\n\n\n<figure class=\"wp-block-image size-large\"><img loading=\"lazy\" decoding=\"async\" width=\"1024\" height=\"1024\" data-id=\"7065\" src=\"https:\/\/cartagenaaldia.com\/wp-content\/uploads\/2024\/10\/FestiGuitarras-2024-1-1024x1024.webp\" alt=\"\" class=\"wp-image-7065\"\/><\/figure>\n<\/figure>\n","protected":false},"excerpt":{"rendered":"<p>El evento, que reuni\u00f3 a destacados artistas nacionales e internacionales, se llev\u00f3 a cabo ante un p\u00fablico entusiasta, marcando el inicio de lo que promete ser una celebraci\u00f3n inolvidable de la guitarra<\/p>\n","protected":false},"author":2,"featured_media":7055,"comment_status":"closed","ping_status":"closed","sticky":false,"template":"","format":"standard","meta":{"om_disable_all_campaigns":false,"_monsterinsights_skip_tracking":false,"_monsterinsights_sitenote_active":false,"_monsterinsights_sitenote_note":"","_monsterinsights_sitenote_category":0,"footnotes":""},"categories":[107,102],"tags":[555],"class_list":["post-7054","post","type-post","status-publish","format-standard","has-post-thumbnail","hentry","category-cultura","category-generales","tag-festiguitarras"],"_links":{"self":[{"href":"https:\/\/cartagenaaldia.com\/index.php\/wp-json\/wp\/v2\/posts\/7054","targetHints":{"allow":["GET"]}}],"collection":[{"href":"https:\/\/cartagenaaldia.com\/index.php\/wp-json\/wp\/v2\/posts"}],"about":[{"href":"https:\/\/cartagenaaldia.com\/index.php\/wp-json\/wp\/v2\/types\/post"}],"author":[{"embeddable":true,"href":"https:\/\/cartagenaaldia.com\/index.php\/wp-json\/wp\/v2\/users\/2"}],"replies":[{"embeddable":true,"href":"https:\/\/cartagenaaldia.com\/index.php\/wp-json\/wp\/v2\/comments?post=7054"}],"version-history":[{"count":3,"href":"https:\/\/cartagenaaldia.com\/index.php\/wp-json\/wp\/v2\/posts\/7054\/revisions"}],"predecessor-version":[{"id":7066,"href":"https:\/\/cartagenaaldia.com\/index.php\/wp-json\/wp\/v2\/posts\/7054\/revisions\/7066"}],"wp:featuredmedia":[{"embeddable":true,"href":"https:\/\/cartagenaaldia.com\/index.php\/wp-json\/wp\/v2\/media\/7055"}],"wp:attachment":[{"href":"https:\/\/cartagenaaldia.com\/index.php\/wp-json\/wp\/v2\/media?parent=7054"}],"wp:term":[{"taxonomy":"category","embeddable":true,"href":"https:\/\/cartagenaaldia.com\/index.php\/wp-json\/wp\/v2\/categories?post=7054"},{"taxonomy":"post_tag","embeddable":true,"href":"https:\/\/cartagenaaldia.com\/index.php\/wp-json\/wp\/v2\/tags?post=7054"}],"curies":[{"name":"wp","href":"https:\/\/api.w.org\/{rel}","templated":true}]}}