{"id":7048,"date":"2024-10-10T15:25:20","date_gmt":"2024-10-10T20:25:20","guid":{"rendered":"https:\/\/cartagenaaldia.com\/?p=7048"},"modified":"2024-10-10T15:25:21","modified_gmt":"2024-10-10T20:25:21","slug":"ecodinamiza-en-caribe-plaza","status":"publish","type":"post","link":"https:\/\/cartagenaaldia.com\/index.php\/2024\/10\/10\/ecodinamiza-en-caribe-plaza\/","title":{"rendered":"EcoDinamiza en Caribe Plaza"},"content":{"rendered":"\n<p>Del <strong>10 al 13 de octubre<\/strong>, <strong>Ecopetrol<\/strong>, <strong>Fenalco Bol\u00edvar<\/strong> y la <strong>Alcald\u00eda de Cartagena<\/strong> llevar\u00e1n a cabo la <strong>primera versi\u00f3n de EcoDinamiza<\/strong>, una feria empresarial que se desarrollar\u00e1 en el <strong>Centro Comercial Caribe Plaza<\/strong> y contar\u00e1 con la participaci\u00f3n de <strong>100 emprendedores locales<\/strong>. El evento, abierto al p\u00fablico de <strong>10:00 a.m. a 7:00 p.m.<\/strong>, tiene como objetivo fortalecer el ecosistema emprendedor y dinamizar la econom\u00eda de la ciudad.<\/p>\n\n\n\n<p><strong>M\u00f3nica Fadul Rosa<\/strong>, directora ejcutiva de Fenalco Bol\u00edvar, subray\u00f3 la importancia de este espacio para impulsar el talento local: \u201c<strong>EcoDinamiza<\/strong> es fundamental para que nuestros emprendedores puedan dar a conocer sus productos, ampliar su red de contactos y acceder a herramientas que mejoren su competitividad.\u201d<\/p>\n\n\n\n<p>La feria ofrecer\u00e1 a los visitantes una amplia gama de productos que incluyen <strong>joyer\u00eda artesanal, moda sostenible, artesan\u00edas y alimentos<\/strong>. Adem\u00e1s, los emprendedores tendr\u00e1n la oportunidad de participar en talleres enfocados en <strong>t\u00e9cnicas de ventas, digitalizaci\u00f3n y finanzas.<\/strong><\/p>\n\n\n\n<p><strong>Juan Pablo V\u00e9lez<\/strong>, jefe Territorial Ambiental Caribe de Ecopetrol, afirm\u00f3: \u201cEsta iniciativa permite a los emprendedores promocionar sus productos y acceder a nuevas oportunidades de negocio, contribuyendo al crecimiento econ\u00f3mico sostenible.\u201d<\/p>\n\n\n\n<p>El evento es una oportunidad para que la comunidad cartagenera apoye el talento local y fomente el crecimiento econ\u00f3mico de la ciudad.<\/p>\n\n\n\n<p><strong>M\u00e1s informaci\u00f3n a trav\u00e9s de las redes sociales y canales oficiales de Ecopetrol, Fenalco Bol\u00edvar y la Alcald\u00eda de Cartagena.<\/strong><\/p>\n","protected":false},"excerpt":{"rendered":"<p>Ecopetrol, Fenalco Bol\u00edvar y la Alcald\u00eda de Cartagena lanzan la primera Feria Empresarial EcoDinamiza<\/p>\n","protected":false},"author":2,"featured_media":7049,"comment_status":"closed","ping_status":"closed","sticky":false,"template":"","format":"standard","meta":{"om_disable_all_campaigns":false,"_monsterinsights_skip_tracking":false,"_monsterinsights_sitenote_active":false,"_monsterinsights_sitenote_note":"","_monsterinsights_sitenote_category":0,"footnotes":""},"categories":[103,102],"tags":[230],"class_list":["post-7048","post","type-post","status-publish","format-standard","has-post-thumbnail","hentry","category-economia","category-generales","tag-ecopetrol"],"_links":{"self":[{"href":"https:\/\/cartagenaaldia.com\/index.php\/wp-json\/wp\/v2\/posts\/7048","targetHints":{"allow":["GET"]}}],"collection":[{"href":"https:\/\/cartagenaaldia.com\/index.php\/wp-json\/wp\/v2\/posts"}],"about":[{"href":"https:\/\/cartagenaaldia.com\/index.php\/wp-json\/wp\/v2\/types\/post"}],"author":[{"embeddable":true,"href":"https:\/\/cartagenaaldia.com\/index.php\/wp-json\/wp\/v2\/users\/2"}],"replies":[{"embeddable":true,"href":"https:\/\/cartagenaaldia.com\/index.php\/wp-json\/wp\/v2\/comments?post=7048"}],"version-history":[{"count":1,"href":"https:\/\/cartagenaaldia.com\/index.php\/wp-json\/wp\/v2\/posts\/7048\/revisions"}],"predecessor-version":[{"id":7050,"href":"https:\/\/cartagenaaldia.com\/index.php\/wp-json\/wp\/v2\/posts\/7048\/revisions\/7050"}],"wp:featuredmedia":[{"embeddable":true,"href":"https:\/\/cartagenaaldia.com\/index.php\/wp-json\/wp\/v2\/media\/7049"}],"wp:attachment":[{"href":"https:\/\/cartagenaaldia.com\/index.php\/wp-json\/wp\/v2\/media?parent=7048"}],"wp:term":[{"taxonomy":"category","embeddable":true,"href":"https:\/\/cartagenaaldia.com\/index.php\/wp-json\/wp\/v2\/categories?post=7048"},{"taxonomy":"post_tag","embeddable":true,"href":"https:\/\/cartagenaaldia.com\/index.php\/wp-json\/wp\/v2\/tags?post=7048"}],"curies":[{"name":"wp","href":"https:\/\/api.w.org\/{rel}","templated":true}]}}