{"id":7034,"date":"2024-09-09T15:32:00","date_gmt":"2024-09-09T20:32:00","guid":{"rendered":"https:\/\/cartagenaaldia.com\/?p=7034"},"modified":"2024-10-09T15:37:51","modified_gmt":"2024-10-09T20:37:51","slug":"ctg-2024-adaptarse-para-crear-innovar-y-prosperar-en-la-era-del-conocimiento","status":"publish","type":"post","link":"https:\/\/cartagenaaldia.com\/index.php\/2024\/09\/09\/ctg-2024-adaptarse-para-crear-innovar-y-prosperar-en-la-era-del-conocimiento\/","title":{"rendered":"+CTG 2024: Adaptarse para Crear, Innovar y Prosperar en la Era del Conocimiento"},"content":{"rendered":"\n<p><strong>Sala Redacci\u00f3n (IA). &#8211;<\/strong> La curiosidad, motor fundamental de la creatividad, se convierte en la clave para enfrentar con \u00e9xito y sin temor los retos de la nueva era en la que ya nos encontramos. Con este enfoque, +CTG 2024, la Cumbre Latinoamericana de la Econom\u00eda Creativa, nos invita a aprender desde la pluralidad de saberes y profesiones bajo el lema \u201c\u00a1Adapt\u00e9monos!\u201d.<\/p>\n\n\n\n<p>Del 23 al 25 de octubre de 2024, en el Centro de Convenciones de Cartagena de Indias, este evento reunir\u00e1 a expertos internacionales y nacionales que compartir\u00e1n sus conocimientos, ideas y experiencias para afrontar los desaf\u00edos actuales, utilizando herramientas tecnol\u00f3gicas, cient\u00edficas y creativas disponibles hoy en d\u00eda. Entre los primeros conferencistas confirmados se encuentran:<\/p>\n\n\n\n<ul class=\"wp-block-list\">\n<li><strong>Ben Raynes<\/strong>, Head of Production de CVS Health y artista kin\u00e9tico contempor\u00e1neo, quien combina t\u00e9cnicas tradicionales de la pintura con escenarios interactivos en 3D.<\/li>\n<\/ul>\n\n\n\n<ul class=\"wp-block-list\">\n<li><strong>Rodrigo Revoredo<\/strong>, CEO-CSO de Valor Socios de Marca, publicista peruano destacado por su creatividad y planificaci\u00f3n, galardonado en festivales como Cannes Grand Prix y Effie Per\u00fa 2023.<\/li>\n<\/ul>\n\n\n\n<ul class=\"wp-block-list\">\n<li><strong>Ana Mar\u00eda-Aguilera Luque<\/strong>, experta en innovaci\u00f3n y neurociencia aplicada al entorno empresarial, quien abordar\u00e1 la &#8220;Creatividad Adaptativa&#8221; como clave para el cambio.<\/li>\n<\/ul>\n\n\n\n<ul class=\"wp-block-list\">\n<li><strong>David Hanson<\/strong>, CEO de Hanson Robotics, creador de la robot humanoide Sophia, expondr\u00e1 sobre rob\u00f3tica humanizadora de la inteligencia artificial.<\/li>\n<\/ul>\n\n\n\n<p>Adem\u00e1s de estas personalidades, el evento contar\u00e1 con m\u00e1s de 40 contenidos tem\u00e1ticos, foros de discusi\u00f3n y actividades creativas, entre las que se incluir\u00e1n los Premios Effie Latam, Premios Sostenibilidad y Premios Marketers. +CTG 2024 promete ser un espacio clave para el intercambio de ideas y la creaci\u00f3n de nuevas oportunidades.<\/p>\n\n\n\n<p>Inscr\u00edbase y viva la experiencia +CTG.&nbsp;<\/p>\n\n\n\n<p>M\u00e1s informaci\u00f3n: <strong>inscripciones@mascartagena.co<\/strong><\/p>\n","protected":false},"excerpt":{"rendered":"<p>+CTG expertos internacionales y nacionales que compartir\u00e1n sus conocimientos, ideas y experiencias para afrontar los desaf\u00edos actuales, utilizando herramientas tecnol\u00f3gicas<\/p>\n","protected":false},"author":2,"featured_media":7035,"comment_status":"closed","ping_status":"closed","sticky":false,"template":"","format":"standard","meta":{"om_disable_all_campaigns":false,"_monsterinsights_skip_tracking":false,"_monsterinsights_sitenote_active":false,"_monsterinsights_sitenote_note":"","_monsterinsights_sitenote_category":0,"footnotes":""},"categories":[103,102],"tags":[554],"class_list":["post-7034","post","type-post","status-publish","format-standard","has-post-thumbnail","hentry","category-economia","category-generales","tag-ctg"],"_links":{"self":[{"href":"https:\/\/cartagenaaldia.com\/index.php\/wp-json\/wp\/v2\/posts\/7034","targetHints":{"allow":["GET"]}}],"collection":[{"href":"https:\/\/cartagenaaldia.com\/index.php\/wp-json\/wp\/v2\/posts"}],"about":[{"href":"https:\/\/cartagenaaldia.com\/index.php\/wp-json\/wp\/v2\/types\/post"}],"author":[{"embeddable":true,"href":"https:\/\/cartagenaaldia.com\/index.php\/wp-json\/wp\/v2\/users\/2"}],"replies":[{"embeddable":true,"href":"https:\/\/cartagenaaldia.com\/index.php\/wp-json\/wp\/v2\/comments?post=7034"}],"version-history":[{"count":1,"href":"https:\/\/cartagenaaldia.com\/index.php\/wp-json\/wp\/v2\/posts\/7034\/revisions"}],"predecessor-version":[{"id":7036,"href":"https:\/\/cartagenaaldia.com\/index.php\/wp-json\/wp\/v2\/posts\/7034\/revisions\/7036"}],"wp:featuredmedia":[{"embeddable":true,"href":"https:\/\/cartagenaaldia.com\/index.php\/wp-json\/wp\/v2\/media\/7035"}],"wp:attachment":[{"href":"https:\/\/cartagenaaldia.com\/index.php\/wp-json\/wp\/v2\/media?parent=7034"}],"wp:term":[{"taxonomy":"category","embeddable":true,"href":"https:\/\/cartagenaaldia.com\/index.php\/wp-json\/wp\/v2\/categories?post=7034"},{"taxonomy":"post_tag","embeddable":true,"href":"https:\/\/cartagenaaldia.com\/index.php\/wp-json\/wp\/v2\/tags?post=7034"}],"curies":[{"name":"wp","href":"https:\/\/api.w.org\/{rel}","templated":true}]}}