{"id":7017,"date":"2024-10-07T20:11:47","date_gmt":"2024-10-08T01:11:47","guid":{"rendered":"https:\/\/cartagenaaldia.com\/?p=7017"},"modified":"2025-04-15T19:01:09","modified_gmt":"2025-04-16T00:01:09","slug":"asocoldro-celebra-40-anos-de-trayectoria-con-magno-congreso-en-cartagena","status":"publish","type":"post","link":"https:\/\/cartagenaaldia.com\/index.php\/2024\/10\/07\/asocoldro-celebra-40-anos-de-trayectoria-con-magno-congreso-en-cartagena\/","title":{"rendered":"ASOCOLDRO celebra 40 a\u00f1os de trayectoria con magno congreso en Cartagena"},"content":{"rendered":"\n<p>Sala Redacci\u00f3n (IA). &#8211; Cartagena de Indias ser\u00e1 epicentro del Congreso Nacional de ASOCOLDRO, donde se realizar\u00e1 un an\u00e1lisis sobre el contexto actual de los Droguistas Detallistas en Colombia. <\/p>\n\n\n\n<p>El congreso reunir\u00e1 a m\u00e1s de 1.000 asociados y expertos del sector para analizar desaf\u00edos y oportunidades actuales y futuras de la industria. <\/p>\n\n\n\n<p>Adem\u00e1s, se llevar\u00e1 a cabo una agenda nutrida que incluye: un an\u00e1lisis del impacto pol\u00edtico y econ\u00f3mico en el droguista detallista colombiano, una feria comercial, foro de reformas, labor local, econom\u00eda y comercio, y muchos temas m\u00e1s. <\/p>\n\n\n\n<p>El Congreso contar\u00e1 con la participaci\u00f3n de Alejandro Gaviria, reconocido economista; el doctor Alfonso Cuitiva -Presidente de Junta Directiva Asocoldro-, Francisco Augusto Giussepe Rossi -director del INVIMA-, Anwar Rodr\u00edguez -vicepresidente de Salud de la ANDI- y el Doctor Greison Camargo -Director Jur\u00eddico de Asocoldro-. <\/p>\n\n\n\n<p>Este ser\u00e1 un espacio acad\u00e9mico para la formaci\u00f3n, interlocuci\u00f3n y conexi\u00f3n del gremio. As\u00ed mismo, un encuentro para debatir reglamentaci\u00f3n vigente, analizar el panorama de los droguistas y finalmente, una oportunidad de negocios. <\/p>\n\n\n\n<p>Es de recordar que el evento se desarrollar\u00e1 durante el 8, 9 y 10 de octubre en el Centro de Convenciones Cartagena de Indias a partir de las 8:00 de la ma\u00f1ana. <\/p>\n","protected":false},"excerpt":{"rendered":"<p>El evento se llevar\u00e1 a cabo desde este martes 8 al jueves 10 de octubre en el Centro de Convenciones de Cartagena<\/p>\n","protected":false},"author":2,"featured_media":7018,"comment_status":"closed","ping_status":"closed","sticky":false,"template":"","format":"standard","meta":{"om_disable_all_campaigns":false,"_monsterinsights_skip_tracking":false,"_monsterinsights_sitenote_active":false,"_monsterinsights_sitenote_note":"","_monsterinsights_sitenote_category":0,"footnotes":""},"categories":[103,102],"tags":[552],"class_list":["post-7017","post","type-post","status-publish","format-standard","has-post-thumbnail","hentry","category-economia","category-generales","tag-asocoldro"],"_links":{"self":[{"href":"https:\/\/cartagenaaldia.com\/index.php\/wp-json\/wp\/v2\/posts\/7017","targetHints":{"allow":["GET"]}}],"collection":[{"href":"https:\/\/cartagenaaldia.com\/index.php\/wp-json\/wp\/v2\/posts"}],"about":[{"href":"https:\/\/cartagenaaldia.com\/index.php\/wp-json\/wp\/v2\/types\/post"}],"author":[{"embeddable":true,"href":"https:\/\/cartagenaaldia.com\/index.php\/wp-json\/wp\/v2\/users\/2"}],"replies":[{"embeddable":true,"href":"https:\/\/cartagenaaldia.com\/index.php\/wp-json\/wp\/v2\/comments?post=7017"}],"version-history":[{"count":1,"href":"https:\/\/cartagenaaldia.com\/index.php\/wp-json\/wp\/v2\/posts\/7017\/revisions"}],"predecessor-version":[{"id":7019,"href":"https:\/\/cartagenaaldia.com\/index.php\/wp-json\/wp\/v2\/posts\/7017\/revisions\/7019"}],"wp:featuredmedia":[{"embeddable":true,"href":"https:\/\/cartagenaaldia.com\/index.php\/wp-json\/wp\/v2\/media\/7018"}],"wp:attachment":[{"href":"https:\/\/cartagenaaldia.com\/index.php\/wp-json\/wp\/v2\/media?parent=7017"}],"wp:term":[{"taxonomy":"category","embeddable":true,"href":"https:\/\/cartagenaaldia.com\/index.php\/wp-json\/wp\/v2\/categories?post=7017"},{"taxonomy":"post_tag","embeddable":true,"href":"https:\/\/cartagenaaldia.com\/index.php\/wp-json\/wp\/v2\/tags?post=7017"}],"curies":[{"name":"wp","href":"https:\/\/api.w.org\/{rel}","templated":true}]}}