{"id":7007,"date":"2024-10-04T17:29:11","date_gmt":"2024-10-04T22:29:11","guid":{"rendered":"https:\/\/cartagenaaldia.com\/?p=7007"},"modified":"2024-10-04T17:29:12","modified_gmt":"2024-10-04T22:29:12","slug":"ecopetrol-inicio-pruebas-de-produccion-de-combustible-renovable-para-aviacion","status":"publish","type":"post","link":"https:\/\/cartagenaaldia.com\/index.php\/2024\/10\/04\/ecopetrol-inicio-pruebas-de-produccion-de-combustible-renovable-para-aviacion\/","title":{"rendered":"Ecopetrol inicio pruebas de producci\u00f3n de combustible renovable para aviaci\u00f3n"},"content":{"rendered":"\n<p><strong>Ecopetrol comenzar\u00e1 en octubre de 2024 la producci\u00f3n de 20 mil barriles de combustible renovable de aviaci\u00f3n (SAF) en la refiner\u00eda de Cartagena, marcando un paso clave en su estrategia de descarbonizaci\u00f3n del sector aeron\u00e1utico. Este nuevo combustible contiene un 5% de materias primas vegetales, como el aceite de palma y aceite usado de cocina, y est\u00e1 dise\u00f1ado para cumplir con los altos est\u00e1ndares de calidad de la aviaci\u00f3n.<\/strong><\/p>\n\n\n\n<!--more-->\n\n\n\n<p><strong>Sala Redacci\u00f3n (IA). &#8211;<\/strong> La producci\u00f3n del SAF forma parte de un proyecto liderado por el Instituto Colombiano del Petr\u00f3leo y Energ\u00edas para la Transici\u00f3n (ICPET), que desarroll\u00f3 la tecnolog\u00eda que ser\u00e1 implementada tanto en la refiner\u00eda de Cartagena como en la de Barrancabermeja. Esta iniciativa se enmarca en la Hoja de Ruta del SAF en Colombia, en la que participan entidades p\u00fablicas y privadas con el objetivo de contribuir a la transici\u00f3n energ\u00e9tica del pa\u00eds.<\/p>\n\n\n\n<p>Para lograr una producci\u00f3n continua de SAF, ser\u00e1 necesario que el gobierno expida las regulaciones pertinentes y certifique el ciclo de vida de las materias primas y del proceso productivo. Adem\u00e1s, ser\u00e1 crucial consolidar una canasta diversificada de insumos, que incluya aceites vegetales, aceites usados de cocina, grasas animales, biomasa y etanol.<\/p>\n\n\n\n<p>&#8220;Con esta prueba de producci\u00f3n de SAF, avanzamos en la consolidaci\u00f3n de combustibles m\u00e1s sostenibles que aporten a la transici\u00f3n energ\u00e9tica justa que Colombia necesita&#8221;, expres\u00f3 un representante de Ecopetrol.<\/p>\n\n\n\n<p><strong>Ecopetrol sigue a la vanguardia en la producci\u00f3n de combustibles sostenibles, con el SAF como una de sus apuestas m\u00e1s importantes para descarbonizar el sector aeron\u00e1utico. Esta prueba de producci\u00f3n representa un hito en la transici\u00f3n energ\u00e9tica del pa\u00eds y contribuye a la visi\u00f3n de un futuro m\u00e1s limpio y sostenible.<\/strong><\/p>\n","protected":false},"excerpt":{"rendered":"<p>El nuevo combustible (SAF) es un paso clave en la descarbonizaci\u00f3n del sector aeron\u00e1utico con est\u00e1ndares de calidad<\/p>\n","protected":false},"author":2,"featured_media":7011,"comment_status":"closed","ping_status":"closed","sticky":false,"template":"","format":"standard","meta":{"om_disable_all_campaigns":false,"_monsterinsights_skip_tracking":false,"_monsterinsights_sitenote_active":false,"_monsterinsights_sitenote_note":"","_monsterinsights_sitenote_category":0,"footnotes":""},"categories":[103,102],"tags":[230],"class_list":["post-7007","post","type-post","status-publish","format-standard","has-post-thumbnail","hentry","category-economia","category-generales","tag-ecopetrol"],"_links":{"self":[{"href":"https:\/\/cartagenaaldia.com\/index.php\/wp-json\/wp\/v2\/posts\/7007","targetHints":{"allow":["GET"]}}],"collection":[{"href":"https:\/\/cartagenaaldia.com\/index.php\/wp-json\/wp\/v2\/posts"}],"about":[{"href":"https:\/\/cartagenaaldia.com\/index.php\/wp-json\/wp\/v2\/types\/post"}],"author":[{"embeddable":true,"href":"https:\/\/cartagenaaldia.com\/index.php\/wp-json\/wp\/v2\/users\/2"}],"replies":[{"embeddable":true,"href":"https:\/\/cartagenaaldia.com\/index.php\/wp-json\/wp\/v2\/comments?post=7007"}],"version-history":[{"count":1,"href":"https:\/\/cartagenaaldia.com\/index.php\/wp-json\/wp\/v2\/posts\/7007\/revisions"}],"predecessor-version":[{"id":7008,"href":"https:\/\/cartagenaaldia.com\/index.php\/wp-json\/wp\/v2\/posts\/7007\/revisions\/7008"}],"wp:featuredmedia":[{"embeddable":true,"href":"https:\/\/cartagenaaldia.com\/index.php\/wp-json\/wp\/v2\/media\/7011"}],"wp:attachment":[{"href":"https:\/\/cartagenaaldia.com\/index.php\/wp-json\/wp\/v2\/media?parent=7007"}],"wp:term":[{"taxonomy":"category","embeddable":true,"href":"https:\/\/cartagenaaldia.com\/index.php\/wp-json\/wp\/v2\/categories?post=7007"},{"taxonomy":"post_tag","embeddable":true,"href":"https:\/\/cartagenaaldia.com\/index.php\/wp-json\/wp\/v2\/tags?post=7007"}],"curies":[{"name":"wp","href":"https:\/\/api.w.org\/{rel}","templated":true}]}}