{"id":6945,"date":"2024-09-26T07:33:03","date_gmt":"2024-09-26T12:33:03","guid":{"rendered":"https:\/\/cartagenaaldia.com\/?p=6945"},"modified":"2024-09-26T07:33:04","modified_gmt":"2024-09-26T12:33:04","slug":"lideres-comunales-de-barrios-unidos-escuchados-por-la-administracion-del-distrito-de-cartagena","status":"publish","type":"post","link":"https:\/\/cartagenaaldia.com\/index.php\/2024\/09\/26\/lideres-comunales-de-barrios-unidos-escuchados-por-la-administracion-del-distrito-de-cartagena\/","title":{"rendered":"Lideres comunales de Barrios Unidos escuchados por la Administraci\u00f3n del Distrito de Cartagena"},"content":{"rendered":"\n<p><strong>En un encuentro realizado en la Instituci\u00f3n Educativa Fundaci\u00f3n Pies Descalzos Villas de Aranjuez, el alcalde de Cartagena, Dumek Turbay, junto a su gabinete, se reuni\u00f3 con los l\u00edderes comunales de Barrios Unidos para atender sus peticiones. El alcalde reafirm\u00f3 su compromiso de trabajar por las comunidades m\u00e1s necesitadas y dar respuestas concretas a las inquietudes de los ciudadanos.<\/strong><\/p>\n\n\n\n<!--more-->\n\n\n\n<p><strong>Sala Redacci\u00f3n (IA). &#8211;<\/strong> Durante el encuentro, la presidenta de la Junta de Acci\u00f3n Comunal de Villas de Aranjuez, Jazm\u00edn Molina, expres\u00f3 la urgencia de pavimentar varias calles de la zona, especialmente la v\u00eda detr\u00e1s del colegio. En respuesta, Wilmer Iriarte, secretario de Infraestructura, asegur\u00f3 que los 300 metros lineales de v\u00edas de Barrios Unidos est\u00e1n contemplados en el proyecto de Rehabilitaci\u00f3n Malla Vial 2, con entrega prevista para antes del 31 de diciembre.<\/p>\n\n\n\n<p>En materia de seguridad, Bruno Hern\u00e1ndez, secretario del Interior, inform\u00f3 que est\u00e1n coordinando con la Polic\u00eda Metropolitana la asignaci\u00f3n de nuevos polic\u00edas para reforzar la vigilancia en los barrios prioritarios. Adem\u00e1s, Distriseguridad anunci\u00f3 la instalaci\u00f3n de sistemas tecnol\u00f3gicos, incluidos c\u00e1maras de seguridad, reflectores y sirenas, para mejorar la seguridad en Villas de Aranjuez y Bicentenario.<\/p>\n\n\n\n<p>Por otro lado, Gissela Rom\u00e1n, gerente de Corvivienda, asegur\u00f3 que seguir\u00e1n trabajando en la legalizaci\u00f3n de predios, mientras que Alberto Mart\u00ednez, secretario de Educaci\u00f3n, mencion\u00f3 que se destinar\u00e1n 2.500 millones de pesos para la intervenci\u00f3n de \u00e1reas funcionales en la Instituci\u00f3n Educativa Flor del Campo.<\/p>\n\n\n\n<p><strong>El alcalde de Cartagena, Dumek Turbay, anunci\u00f3 que regresar\u00e1 a la comunidad el pr\u00f3ximo 10 de octubre para realizar una feria interinstitucional, llevando a Barrios Unidos toda la oferta de servicios del Distrito, con el fin de seguir mejorando la calidad de vida en la zona.<\/strong><\/p>\n","protected":false},"excerpt":{"rendered":"<p>Administracion Distrital reafirma  su compromiso de trabajar por las comunidades m\u00e1s necesitadas y dar respuestas concretas a las inquietudes de los ciudadanos<\/p>\n","protected":false},"author":2,"featured_media":6948,"comment_status":"closed","ping_status":"closed","sticky":false,"template":"","format":"standard","meta":{"om_disable_all_campaigns":false,"_monsterinsights_skip_tracking":false,"_monsterinsights_sitenote_active":false,"_monsterinsights_sitenote_note":"","_monsterinsights_sitenote_category":0,"footnotes":""},"categories":[110,102],"tags":[275,244],"class_list":["post-6945","post","type-post","status-publish","format-standard","has-post-thumbnail","hentry","category-bolivar","category-generales","tag-alcaldia-cartagena","tag-dumek-turbay"],"_links":{"self":[{"href":"https:\/\/cartagenaaldia.com\/index.php\/wp-json\/wp\/v2\/posts\/6945","targetHints":{"allow":["GET"]}}],"collection":[{"href":"https:\/\/cartagenaaldia.com\/index.php\/wp-json\/wp\/v2\/posts"}],"about":[{"href":"https:\/\/cartagenaaldia.com\/index.php\/wp-json\/wp\/v2\/types\/post"}],"author":[{"embeddable":true,"href":"https:\/\/cartagenaaldia.com\/index.php\/wp-json\/wp\/v2\/users\/2"}],"replies":[{"embeddable":true,"href":"https:\/\/cartagenaaldia.com\/index.php\/wp-json\/wp\/v2\/comments?post=6945"}],"version-history":[{"count":2,"href":"https:\/\/cartagenaaldia.com\/index.php\/wp-json\/wp\/v2\/posts\/6945\/revisions"}],"predecessor-version":[{"id":6949,"href":"https:\/\/cartagenaaldia.com\/index.php\/wp-json\/wp\/v2\/posts\/6945\/revisions\/6949"}],"wp:featuredmedia":[{"embeddable":true,"href":"https:\/\/cartagenaaldia.com\/index.php\/wp-json\/wp\/v2\/media\/6948"}],"wp:attachment":[{"href":"https:\/\/cartagenaaldia.com\/index.php\/wp-json\/wp\/v2\/media?parent=6945"}],"wp:term":[{"taxonomy":"category","embeddable":true,"href":"https:\/\/cartagenaaldia.com\/index.php\/wp-json\/wp\/v2\/categories?post=6945"},{"taxonomy":"post_tag","embeddable":true,"href":"https:\/\/cartagenaaldia.com\/index.php\/wp-json\/wp\/v2\/tags?post=6945"}],"curies":[{"name":"wp","href":"https:\/\/api.w.org\/{rel}","templated":true}]}}