{"id":6938,"date":"2024-09-26T00:33:22","date_gmt":"2024-09-26T05:33:22","guid":{"rendered":"https:\/\/cartagenaaldia.com\/?p=6938"},"modified":"2024-09-26T00:33:22","modified_gmt":"2024-09-26T05:33:22","slug":"restaurante-cande-es-reconocido-entre-las-100-empresas-mas-importantes-de-cartagena","status":"publish","type":"post","link":"https:\/\/cartagenaaldia.com\/index.php\/2024\/09\/26\/restaurante-cande-es-reconocido-entre-las-100-empresas-mas-importantes-de-cartagena\/","title":{"rendered":"Restaurante Cand\u00e9 es reconocido entre las 100 empresas m\u00e1s importantes de Cartagena"},"content":{"rendered":"\n<p><strong>El restaurante Cand\u00e9, ubicado en el coraz\u00f3n de Cartagena, ha sido reconocido por la C\u00e1mara de Comercio de Cartagena como una de las 100 empresas m\u00e1s importantes de la ciudad. Este logro destaca el compromiso del restaurante con la conservaci\u00f3n de la cultura y la gastronom\u00eda cartagenera, su sello de calidad y su excelente atenci\u00f3n al cliente.<\/strong><\/p>\n\n\n\n<!--more-->\n\n\n\n<p><strong>Sala Redacci\u00f3n (IA). &#8211;<\/strong> Cand\u00e9 ha generado 110 empleos directos, entre personal administrativo, de servicio, m\u00fasicos y cocineros, posicion\u00e1ndose como un actor clave en la derrama econ\u00f3mica de Cartagena. Alberto Llamas Arenas, socio del Grupo Empresarial Llamas Arenas (GELA), expres\u00f3: \u201cEste reconocimiento es un gran compromiso con la ciudad, nuestros clientes y nuestro equipo. Seguiremos aportando al fortalecimiento del empleo en Cartagena\u201d.<\/p>\n\n\n\n<p>Por su parte, Jos\u00e9 Llamas Arenas, tambi\u00e9n socio de GELA, agreg\u00f3: \u201cNuestro objetivo es elevar la gastronom\u00eda de Cartagena a nivel internacional, apoyando el desarrollo econ\u00f3mico y social de nuestra ciudad\u201d.<\/p>\n\n\n\n<p><strong>Cultura y gastronom\u00eda, motores de desarrollo econ\u00f3mico<\/strong><\/p>\n\n\n\n<p>Cand\u00e9 es un referente de la gastronom\u00eda cartagenera, comprometido con la calidad y el servicio. El restaurante ha logrado combinar la tradici\u00f3n culinaria con un ambiente cultural propio de la Heroica, convirti\u00e9ndose en un motor de desarrollo social y econ\u00f3mico. Su propuesta culinaria, basada en las recetas tradicionales, ha sido reconocida a nivel nacional e internacional.<\/p>\n\n\n\n<p><strong>Premios y reconocimientos<\/strong><\/p>\n\n\n\n<p>Cand\u00e9 ha sido galardonado con importantes premios, como el de Mejor restaurante a manteles a nivel nacional 2021, otorgado por la Revista La Barra, y la certificaci\u00f3n Safe Guard Hygiene Excellence por Bureau Veritas. Adem\u00e1s, ha recibido varios reconocimientos de Wine Spectator y la certificaci\u00f3n en sostenibilidad y calidad tur\u00edstica del ICONTEC.<\/p>\n\n\n\n<p><strong>El restaurante Cand\u00e9 contin\u00faa destac\u00e1ndose como un referente de la gastronom\u00eda y la cultura cartagenera, impulsando el desarrollo econ\u00f3mico de la ciudad y posicionando a Cartagena como un destino gastron\u00f3mico de renombre internacional.<\/strong><\/p>\n","protected":false},"excerpt":{"rendered":"<p>Este logro destaca el compromiso del restaurante con la conservaci\u00f3n de la cultura y la gastronom\u00eda cartagenera, su sello de calidad y su excelente atenci\u00f3n al cliente<\/p>\n","protected":false},"author":2,"featured_media":6939,"comment_status":"closed","ping_status":"closed","sticky":false,"template":"","format":"standard","meta":{"om_disable_all_campaigns":false,"_monsterinsights_skip_tracking":false,"_monsterinsights_sitenote_active":false,"_monsterinsights_sitenote_note":"","_monsterinsights_sitenote_category":0,"footnotes":""},"categories":[102,104],"tags":[533,535,534],"class_list":["post-6938","post","type-post","status-publish","format-standard","has-post-thumbnail","hentry","category-generales","category-turismo","tag-gela","tag-grupo-economico-llamas-arenas","tag-restaurante-cande"],"_links":{"self":[{"href":"https:\/\/cartagenaaldia.com\/index.php\/wp-json\/wp\/v2\/posts\/6938","targetHints":{"allow":["GET"]}}],"collection":[{"href":"https:\/\/cartagenaaldia.com\/index.php\/wp-json\/wp\/v2\/posts"}],"about":[{"href":"https:\/\/cartagenaaldia.com\/index.php\/wp-json\/wp\/v2\/types\/post"}],"author":[{"embeddable":true,"href":"https:\/\/cartagenaaldia.com\/index.php\/wp-json\/wp\/v2\/users\/2"}],"replies":[{"embeddable":true,"href":"https:\/\/cartagenaaldia.com\/index.php\/wp-json\/wp\/v2\/comments?post=6938"}],"version-history":[{"count":1,"href":"https:\/\/cartagenaaldia.com\/index.php\/wp-json\/wp\/v2\/posts\/6938\/revisions"}],"predecessor-version":[{"id":6940,"href":"https:\/\/cartagenaaldia.com\/index.php\/wp-json\/wp\/v2\/posts\/6938\/revisions\/6940"}],"wp:featuredmedia":[{"embeddable":true,"href":"https:\/\/cartagenaaldia.com\/index.php\/wp-json\/wp\/v2\/media\/6939"}],"wp:attachment":[{"href":"https:\/\/cartagenaaldia.com\/index.php\/wp-json\/wp\/v2\/media?parent=6938"}],"wp:term":[{"taxonomy":"category","embeddable":true,"href":"https:\/\/cartagenaaldia.com\/index.php\/wp-json\/wp\/v2\/categories?post=6938"},{"taxonomy":"post_tag","embeddable":true,"href":"https:\/\/cartagenaaldia.com\/index.php\/wp-json\/wp\/v2\/tags?post=6938"}],"curies":[{"name":"wp","href":"https:\/\/api.w.org\/{rel}","templated":true}]}}