{"id":6828,"date":"2024-09-24T10:13:18","date_gmt":"2024-09-24T15:13:18","guid":{"rendered":"https:\/\/cartagenaaldia.com\/?p=6828"},"modified":"2024-09-24T10:13:20","modified_gmt":"2024-09-24T15:13:20","slug":"emprendedores-del-caribe-colombiano-apoyados-por-ecopetrol-alcanzan-ventas-por-4-mil-millones","status":"publish","type":"post","link":"https:\/\/cartagenaaldia.com\/index.php\/2024\/09\/24\/emprendedores-del-caribe-colombiano-apoyados-por-ecopetrol-alcanzan-ventas-por-4-mil-millones\/","title":{"rendered":"Emprendedores del Caribe colombiano apoyados por Ecopetrol alcanzan ventas por $4 mil millones"},"content":{"rendered":"\n<p><strong>Al cierre de julio de 2024, un total de 128 emprendedores productivos del Caribe colombiano, apoyados por el Grupo Ecopetrol, han logrado ventas acumuladas de $4 mil millones. Estos emprendedores han contado con el respaldo de la compa\u00f1\u00eda en su crecimiento y fortalecimiento en el mercado.<\/strong><\/p>\n\n\n\n<!--more-->\n\n\n\n<p><strong>Sala Redacci\u00f3n (IA). &#8211;<\/strong> Durante la s\u00e9ptima Cumbre de Proveedores del Grupo Ecopetrol, celebrada el pasado 12 de septiembre, 10 emprendedores cartageneros, entre los que destacan marcas como Indhyluna, Mielele, Afromatices, Fundaci\u00f3n Sin L\u00edmites, y Rojo Arts and Craft, obtuvieron ventas que superaron los $7 millones en tan solo 4 horas.<\/p>\n\n\n\n<p>La Cumbre fue un espacio estrat\u00e9gico para que estos peque\u00f1os empresarios conectaran con compradores y pudieran exhibir sus productos a un p\u00fablico m\u00e1s amplio. Esta iniciativa es parte del compromiso de Ecopetrol con el desarrollo de los proveedores locales y la promoci\u00f3n de las econom\u00edas regionales.<\/p>\n\n\n\n<p><strong>El apoyo de Ecopetrol a los emprendedores del Caribe colombiano contin\u00faa siendo un motor clave para su \u00e9xito econ\u00f3mico, impulsando no solo sus ventas, sino tambi\u00e9n su visibilidad y consolidaci\u00f3n en el mercado nacional.<\/strong><\/p>\n\n\n\n<figure class=\"wp-block-embed is-type-video is-provider-youtube wp-block-embed-youtube wp-embed-aspect-16-9 wp-has-aspect-ratio\"><div class=\"wp-block-embed__wrapper\">\n<iframe title=\"Ecopetrol apoya emprendedores de Cartagena de Indias. Gina P\u00e9rez; Comunidad de Bar\u00fa\" width=\"500\" height=\"281\" src=\"https:\/\/www.youtube.com\/embed\/IqsC_rcKIlU?feature=oembed\" frameborder=\"0\" allow=\"accelerometer; autoplay; clipboard-write; encrypted-media; gyroscope; picture-in-picture; web-share\" referrerpolicy=\"strict-origin-when-cross-origin\" allowfullscreen><\/iframe>\n<\/div><\/figure>\n\n\n\n<figure class=\"wp-block-embed is-type-video is-provider-youtube wp-block-embed-youtube wp-embed-aspect-16-9 wp-has-aspect-ratio\"><div class=\"wp-block-embed__wrapper\">\n<iframe title=\"Ecopetrol apoya emprendedores de Cartagena de Indias y Bolivar. Indira MoralesIndhyluna\" width=\"500\" height=\"281\" src=\"https:\/\/www.youtube.com\/embed\/FH9R__oncho?feature=oembed\" frameborder=\"0\" allow=\"accelerometer; autoplay; clipboard-write; encrypted-media; gyroscope; picture-in-picture; web-share\" referrerpolicy=\"strict-origin-when-cross-origin\" allowfullscreen><\/iframe>\n<\/div><\/figure>\n","protected":false},"excerpt":{"rendered":"<p>Ecopetrol impulsa a 128 emprendedores del Caribe colombiano, generando $4 mil millones en ventas acumuladas<\/p>\n","protected":false},"author":2,"featured_media":6829,"comment_status":"closed","ping_status":"closed","sticky":false,"template":"","format":"standard","meta":{"om_disable_all_campaigns":false,"_monsterinsights_skip_tracking":false,"_monsterinsights_sitenote_active":false,"_monsterinsights_sitenote_note":"","_monsterinsights_sitenote_category":0,"footnotes":""},"categories":[103,102],"tags":[230,518],"class_list":["post-6828","post","type-post","status-publish","format-standard","has-post-thumbnail","hentry","category-economia","category-generales","tag-ecopetrol","tag-ia"],"_links":{"self":[{"href":"https:\/\/cartagenaaldia.com\/index.php\/wp-json\/wp\/v2\/posts\/6828","targetHints":{"allow":["GET"]}}],"collection":[{"href":"https:\/\/cartagenaaldia.com\/index.php\/wp-json\/wp\/v2\/posts"}],"about":[{"href":"https:\/\/cartagenaaldia.com\/index.php\/wp-json\/wp\/v2\/types\/post"}],"author":[{"embeddable":true,"href":"https:\/\/cartagenaaldia.com\/index.php\/wp-json\/wp\/v2\/users\/2"}],"replies":[{"embeddable":true,"href":"https:\/\/cartagenaaldia.com\/index.php\/wp-json\/wp\/v2\/comments?post=6828"}],"version-history":[{"count":2,"href":"https:\/\/cartagenaaldia.com\/index.php\/wp-json\/wp\/v2\/posts\/6828\/revisions"}],"predecessor-version":[{"id":6913,"href":"https:\/\/cartagenaaldia.com\/index.php\/wp-json\/wp\/v2\/posts\/6828\/revisions\/6913"}],"wp:featuredmedia":[{"embeddable":true,"href":"https:\/\/cartagenaaldia.com\/index.php\/wp-json\/wp\/v2\/media\/6829"}],"wp:attachment":[{"href":"https:\/\/cartagenaaldia.com\/index.php\/wp-json\/wp\/v2\/media?parent=6828"}],"wp:term":[{"taxonomy":"category","embeddable":true,"href":"https:\/\/cartagenaaldia.com\/index.php\/wp-json\/wp\/v2\/categories?post=6828"},{"taxonomy":"post_tag","embeddable":true,"href":"https:\/\/cartagenaaldia.com\/index.php\/wp-json\/wp\/v2\/tags?post=6828"}],"curies":[{"name":"wp","href":"https:\/\/api.w.org\/{rel}","templated":true}]}}