{"id":6779,"date":"2024-09-20T21:52:23","date_gmt":"2024-09-21T02:52:23","guid":{"rendered":"https:\/\/cartagenaaldia.com\/?p=6779"},"modified":"2024-09-20T22:55:09","modified_gmt":"2024-09-21T03:55:09","slug":"baru-impulsa-turismo-comunitario-con-enfoque-sostenible-y-cultural","status":"publish","type":"post","link":"https:\/\/cartagenaaldia.com\/index.php\/2024\/09\/20\/baru-impulsa-turismo-comunitario-con-enfoque-sostenible-y-cultural\/","title":{"rendered":"Bar\u00fa impulsa turismo comunitario con enfoque sostenible y cultural"},"content":{"rendered":"\n<p><strong>La Isla de Bar\u00fa, en Cartagena, se convierte en un nuevo destino para el turismo comunitario gracias a la iniciativa conjunta de la Fundaci\u00f3n Santo Domingo, Grupo Argos, Fundaci\u00f3n Decameron, SPEC LNG y la Fundaci\u00f3n Promigas. Desde 2022, estas organizaciones han trabajado en el fortalecimiento de este tipo de turismo en las comunidades de Ararca y Santa Ana, bajo la estrategia Impacto Colectivo Bar\u00fa 2030. La nueva oferta tur\u00edstica ofrece una experiencia inmersiva en la cultura y naturaleza local.<\/strong><\/p>\n\n\n\n<!--more-->\n\n\n\n<p><strong>Sala Redacci\u00f3n (IA). &#8211;<\/strong> El proyecto ha capacitado a cinco organizaciones comunitarias (Tuarisba, Coopsana, Son Afro Santanero, Jorikamba y Coraves) para ofrecer experiencias tur\u00edsticas \u00fanicas y sostenibles. Estas rutas buscan conectar a los visitantes con la riqueza cultural y natural de la isla, promoviendo actividades como senderismo en manglares, pesca artesanal, y observaci\u00f3n de aves. <\/p>\n\n\n\n<p>Jos\u00e9 Francisco Aguirre, director ejecutivo de la Fundaci\u00f3n Santo Domingo, expres\u00f3: \u201cEl turismo es uno de los pilares de la econom\u00eda local, y de la mano de las organizaciones comunitarias de Santa Ana y Ararca estamos promoviendo actividades culturales, ecol\u00f3gicas y art\u00edsticas como nuevas alternativas para el disfrute en la isla\u201d.<\/p>\n\n\n\n<p><strong>Experiencias tur\u00edsticas<\/strong><\/p>\n\n\n\n<p>En la <strong>&#8220;Ruta Ararca&#8221;<\/strong>, los visitantes podr\u00e1n explorar los senderos del manglar, disfrutar de la gastronom\u00eda local y los ritmos musicales de la regi\u00f3n. <\/p>\n\n\n\n<p>La <strong>&#8220;Ruta Santa Ana&#8221;<\/strong> ofrece la oportunidad de aprender sobre pesca artesanal y tradiciones culturales como el uso del turbante, todo al son de la m\u00fasica tradicional y sabores t\u00edpicos. <\/p>\n\n\n\n<p>En la <strong>&#8220;Ruta Coraves&#8221;<\/strong>, los turistas podr\u00e1n contemplar los impresionantes atardeceres de Bar\u00fa mientras observan m\u00e1s de 190 especies de aves, que representan el 10% de las aves de Colombia.<\/p>\n\n\n\n<p>Adem\u00e1s, se realizaron intervenciones f\u00edsicas en las zonas donde operan las rutas. En Santa Ana, se cre\u00f3 un mural sobre la riqueza de los arrecifes de coral, y en Ararca se mejor\u00f3 el acceso al hist\u00f3rico Puerto del Pescador.<\/p>\n\n\n\n<p>Juan Carlos Cuadro, l\u00edder de turismo comunitario en Ararca, destac\u00f3: \u201cEl apoyo que hemos recibido de estas entidades ha sido fundamental. Estas rutas no solo ofrecen recorridos tur\u00edsticos, sino que tambi\u00e9n generan conciencia ambiental y sociocultural\u201d.<\/p>\n\n\n\n<p>El turismo comunitario en Bar\u00fa no solo busca ofrecer experiencias inolvidables a los visitantes, sino tambi\u00e9n impulsar el desarrollo sostenible de las comunidades locales, conservando su entorno y tradiciones. Para obtener m\u00e1s informaci\u00f3n y vivir estas experiencias, los interesados pueden visitar el sitio web de la Fundaci\u00f3n Santo Domingo o contactar directamente a los l\u00edderes de cada ruta.<\/p>\n\n\n\n<p><strong>Contacto<\/strong><\/p>\n\n\n\n<p>&#8211; Ruta de Turismo Comunitario en Ararca: Juan Carlos Cuadro (+57 313 6038319)  <\/p>\n\n\n\n<p>&#8211; Ruta de Turismo Comunitario en Santa Ana: Gina P\u00e9rez Rodr\u00edguez (+57 300 2348944)  <\/p>\n\n\n\n<p>&#8211; Ruta de Turismo Comunitario Coraves: David Daniel Garcia (+57 300 2922048)<\/p>\n\n\n\n<figure class=\"wp-block-gallery has-nested-images columns-default is-cropped wp-block-gallery-1 is-layout-flex wp-block-gallery-is-layout-flex\">\n<figure class=\"wp-block-image size-large\"><img fetchpriority=\"high\" decoding=\"async\" width=\"1024\" height=\"1024\" data-id=\"6781\" src=\"https:\/\/cartagenaaldia.com\/wp-content\/uploads\/2024\/09\/Cuadrada_20240920_214625_0001-1024x1024.webp\" alt=\"\" class=\"wp-image-6781\"\/><\/figure>\n\n\n\n<figure class=\"wp-block-image size-large\"><img decoding=\"async\" width=\"1024\" height=\"1024\" data-id=\"6784\" src=\"https:\/\/cartagenaaldia.com\/wp-content\/uploads\/2024\/09\/Cuadrada_20240920_214625_0000-1024x1024.webp\" alt=\"\" class=\"wp-image-6784\"\/><\/figure>\n\n\n\n<figure class=\"wp-block-image size-large\"><img decoding=\"async\" width=\"1024\" height=\"1024\" data-id=\"6783\" src=\"https:\/\/cartagenaaldia.com\/wp-content\/uploads\/2024\/09\/Cuadrada_20240920_214625_0002-1024x1024.webp\" alt=\"\" class=\"wp-image-6783\"\/><\/figure>\n\n\n\n<figure class=\"wp-block-image size-large\"><img loading=\"lazy\" decoding=\"async\" width=\"1024\" height=\"1024\" data-id=\"6782\" src=\"https:\/\/cartagenaaldia.com\/wp-content\/uploads\/2024\/09\/Cuadrada_20240920_214626_0003-1024x1024.webp\" alt=\"\" class=\"wp-image-6782\"\/><\/figure>\n<\/figure>\n","protected":false},"excerpt":{"rendered":"<p>Bar\u00fa se posiciona como destino de turismo comunitario con apoyo de diversas fundaciones<\/p>\n","protected":false},"author":2,"featured_media":6780,"comment_status":"closed","ping_status":"closed","sticky":false,"template":"","format":"standard","meta":{"om_disable_all_campaigns":false,"_monsterinsights_skip_tracking":false,"_monsterinsights_sitenote_active":false,"_monsterinsights_sitenote_note":"","_monsterinsights_sitenote_category":0,"footnotes":""},"categories":[102,104],"tags":[446,373,199,398,131],"class_list":["post-6779","post","type-post","status-publish","format-standard","has-post-thumbnail","hentry","category-generales","category-turismo","tag-fundacion-promigas","tag-fundacion-santo-domingo","tag-promigas","tag-spec-lng","tag-surtigas"],"_links":{"self":[{"href":"https:\/\/cartagenaaldia.com\/index.php\/wp-json\/wp\/v2\/posts\/6779","targetHints":{"allow":["GET"]}}],"collection":[{"href":"https:\/\/cartagenaaldia.com\/index.php\/wp-json\/wp\/v2\/posts"}],"about":[{"href":"https:\/\/cartagenaaldia.com\/index.php\/wp-json\/wp\/v2\/types\/post"}],"author":[{"embeddable":true,"href":"https:\/\/cartagenaaldia.com\/index.php\/wp-json\/wp\/v2\/users\/2"}],"replies":[{"embeddable":true,"href":"https:\/\/cartagenaaldia.com\/index.php\/wp-json\/wp\/v2\/comments?post=6779"}],"version-history":[{"count":3,"href":"https:\/\/cartagenaaldia.com\/index.php\/wp-json\/wp\/v2\/posts\/6779\/revisions"}],"predecessor-version":[{"id":6791,"href":"https:\/\/cartagenaaldia.com\/index.php\/wp-json\/wp\/v2\/posts\/6779\/revisions\/6791"}],"wp:featuredmedia":[{"embeddable":true,"href":"https:\/\/cartagenaaldia.com\/index.php\/wp-json\/wp\/v2\/media\/6780"}],"wp:attachment":[{"href":"https:\/\/cartagenaaldia.com\/index.php\/wp-json\/wp\/v2\/media?parent=6779"}],"wp:term":[{"taxonomy":"category","embeddable":true,"href":"https:\/\/cartagenaaldia.com\/index.php\/wp-json\/wp\/v2\/categories?post=6779"},{"taxonomy":"post_tag","embeddable":true,"href":"https:\/\/cartagenaaldia.com\/index.php\/wp-json\/wp\/v2\/tags?post=6779"}],"curies":[{"name":"wp","href":"https:\/\/api.w.org\/{rel}","templated":true}]}}