{"id":6695,"date":"2024-09-13T19:13:46","date_gmt":"2024-09-14T00:13:46","guid":{"rendered":"https:\/\/cartagenaaldia.com\/?p=6695"},"modified":"2024-09-13T19:13:47","modified_gmt":"2024-09-14T00:13:47","slug":"el-influenciador-espanol-fran-cuellar-llega-a-cartagena-para-cerrar-su-visita-a-colombia","status":"publish","type":"post","link":"https:\/\/cartagenaaldia.com\/index.php\/2024\/09\/13\/el-influenciador-espanol-fran-cuellar-llega-a-cartagena-para-cerrar-su-visita-a-colombia\/","title":{"rendered":"El influenciador espa\u00f1ol Fran Cu\u00e9llar llega a Cartagena para cerrar su visita a Colombia"},"content":{"rendered":"\n<p><strong>Sala Redacci\u00f3n (IA). &#8211;<\/strong> El reconocido influenciador digital espa\u00f1ol Fran Cu\u00e9llar (@francuellar26 en Instagram) lleg\u00f3 hoy a Cartagena de Indias, donde finalizar\u00e1 su recorrido por Colombia, tras visitar previamente Bogot\u00e1, Medell\u00edn, Amazonas y Nuqu\u00ed. Invitado por el Ministerio de Comercio, Industria y Turismo, Cu\u00e9llar ha estado promoviendo los principales destinos tur\u00edsticos del pa\u00eds a trav\u00e9s de sus redes sociales, lo que ha generado un importante impacto de visibilizaci\u00f3n para Cartagena a nivel digital.<\/p>\n\n\n\n<p><strong>Una c\u00e1lida bienvenida cultural<\/strong><\/p>\n\n\n\n<p>A su llegada esta tarde, Cu\u00e9llar fue recibido con una muestra de la cultura cartagenera. El Instituto de Patrimonio y Cultura de Cartagena organiz\u00f3 una recepci\u00f3n que incluy\u00f3 m\u00fasica, danza tradicional y la entrega de dulces t\u00edpicos, junto a un cuadro pintado a mano como muestra del arte local.<\/p>\n\n\n\n<p><strong>Una agenda llena de experiencias<\/strong><\/p>\n\n\n\n<p>Durante su estancia en Cartagena, Cu\u00e9llar tendr\u00e1 una agenda llena de actividades que resaltan la esencia de la ciudad. Entre los eventos destacados se encuentra una clase de baile, un recorrido nocturno por el barrio Getseman\u00ed, una cena con gastronom\u00eda Caribe, y una cata de ron. Adem\u00e1s, visitar\u00e1 las emblem\u00e1ticas plazas del Centro Hist\u00f3rico y explorar\u00e1 la zona insular de la ciudad.<\/p>\n\n\n\n<p>Con esta visita, el influenciador contribuye a la promoci\u00f3n de Cartagena de Indias como un destino tur\u00edstico atractivo y vibrante a nivel internacional, consolidando la imagen de la ciudad en el mapa tur\u00edstico digital.<\/p>\n\n\n\n<figure class=\"wp-block-image size-large\"><img fetchpriority=\"high\" decoding=\"async\" width=\"1024\" height=\"1024\" src=\"https:\/\/cartagenaaldia.com\/wp-content\/uploads\/2024\/09\/Corpoturismo-Influenciador-2-1024x1024.webp\" alt=\"\" class=\"wp-image-6697\"\/><\/figure>\n","protected":false},"excerpt":{"rendered":"<p>La visita de Cu\u00e9llar impulsa la promoci\u00f3n de Cartagena como destino tur\u00edstico internacional<\/p>\n","protected":false},"author":2,"featured_media":6696,"comment_status":"closed","ping_status":"closed","sticky":false,"template":"","format":"standard","meta":{"om_disable_all_campaigns":false,"_monsterinsights_skip_tracking":false,"_monsterinsights_sitenote_active":false,"_monsterinsights_sitenote_note":"","_monsterinsights_sitenote_category":0,"footnotes":""},"categories":[102,104],"tags":[195,194],"class_list":["post-6695","post","type-post","status-publish","format-standard","has-post-thumbnail","hentry","category-generales","category-turismo","tag-corporacion-turismo-cartagena-de-indias","tag-corpoturismo"],"_links":{"self":[{"href":"https:\/\/cartagenaaldia.com\/index.php\/wp-json\/wp\/v2\/posts\/6695","targetHints":{"allow":["GET"]}}],"collection":[{"href":"https:\/\/cartagenaaldia.com\/index.php\/wp-json\/wp\/v2\/posts"}],"about":[{"href":"https:\/\/cartagenaaldia.com\/index.php\/wp-json\/wp\/v2\/types\/post"}],"author":[{"embeddable":true,"href":"https:\/\/cartagenaaldia.com\/index.php\/wp-json\/wp\/v2\/users\/2"}],"replies":[{"embeddable":true,"href":"https:\/\/cartagenaaldia.com\/index.php\/wp-json\/wp\/v2\/comments?post=6695"}],"version-history":[{"count":1,"href":"https:\/\/cartagenaaldia.com\/index.php\/wp-json\/wp\/v2\/posts\/6695\/revisions"}],"predecessor-version":[{"id":6698,"href":"https:\/\/cartagenaaldia.com\/index.php\/wp-json\/wp\/v2\/posts\/6695\/revisions\/6698"}],"wp:featuredmedia":[{"embeddable":true,"href":"https:\/\/cartagenaaldia.com\/index.php\/wp-json\/wp\/v2\/media\/6696"}],"wp:attachment":[{"href":"https:\/\/cartagenaaldia.com\/index.php\/wp-json\/wp\/v2\/media?parent=6695"}],"wp:term":[{"taxonomy":"category","embeddable":true,"href":"https:\/\/cartagenaaldia.com\/index.php\/wp-json\/wp\/v2\/categories?post=6695"},{"taxonomy":"post_tag","embeddable":true,"href":"https:\/\/cartagenaaldia.com\/index.php\/wp-json\/wp\/v2\/tags?post=6695"}],"curies":[{"name":"wp","href":"https:\/\/api.w.org\/{rel}","templated":true}]}}