{"id":6650,"date":"2024-09-06T15:09:17","date_gmt":"2024-09-06T20:09:17","guid":{"rendered":"https:\/\/cartagenaaldia.com\/?p=6650"},"modified":"2024-09-06T15:09:18","modified_gmt":"2024-09-06T20:09:18","slug":"gobernacion-de-bolivar-recibe-premio-smart-city-innovator-awards","status":"publish","type":"post","link":"https:\/\/cartagenaaldia.com\/index.php\/2024\/09\/06\/gobernacion-de-bolivar-recibe-premio-smart-city-innovator-awards\/","title":{"rendered":"Gobernaci\u00f3n de Bol\u00edvar recibe premio Smart City Innovator Awards"},"content":{"rendered":"\n<p><strong>Sala Redacci\u00f3n. &#8211;<\/strong> La Gobernaci\u00f3n de Bol\u00edvar ha sido reconocida con la primera edici\u00f3n del prestigioso premio Smart City Innovator Awards, otorgado por el Centro de Investigaci\u00f3n y Desarrollo en Tecnolog\u00edas de la Informaci\u00f3n y las Comunicaciones (CINTEL), destac\u00e1ndose en la categor\u00eda Ciudad Visionaria con su proyecto innovador GeoBol\u00edvar: Plataforma Integral de Gesti\u00f3n Territorial.<\/p>\n\n\n\n<p>El anuncio se realiz\u00f3 en el marco del congreso ANDICOM 2024, en Cartagena. Al conocerse la victoria, el gobernador Yamil Arana Padau\u00ed expres\u00f3 su satisfacci\u00f3n y orgullo por el logro alcanzado:<\/p>\n\n\n\n<p>\u201cEste reconocimiento refleja el compromiso que hemos asumido para hacer de Bol\u00edvar un territorio m\u00e1s competitivo, con un futuro s\u00f3lido, donde todos los ciudadanos puedan experimentar un desarrollo sostenido y una mejor calidad de vida\u201d, afirm\u00f3 el mandatario.<\/p>\n\n\n\n<p>GeoBol\u00edvar, el proyecto galardonado, es una herramienta tecnol\u00f3gica que busca revolucionar la gesti\u00f3n del territorio en el departamento, aplicando soluciones basadas en datos para mejorar el ordenamiento territorial y la administraci\u00f3n eficiente de los recursos. Este proyecto beneficiar\u00e1 directamente a los 2.5 millones de habitantes de Bol\u00edvar, contribuyendo al desarrollo equitativo y sostenible.<\/p>\n\n\n\n<p>El Smart City Innovator Awards tiene como objetivo impulsar la creaci\u00f3n de ciudades inteligentes y sostenibles, promoviendo el uso de las TIC para generar equidad, eficiencia y respeto por el medio ambiente en entornos urbanos. La categor\u00eda Ciudad Visionaria reconoce a ciudades, municipios y gobernaciones con proyectos en etapas de planeaci\u00f3n o incluidos en planes de desarrollo con enfoque de ciudad inteligente.<\/p>\n\n\n\n<p>La secretaria de Planeaci\u00f3n de Bol\u00edvar, Susana Puerta, quien lider\u00f3 el proyecto, destac\u00f3 la importancia del premio y su impacto a futuro: \u201cEste galard\u00f3n permitir\u00e1 a Bol\u00edvar consolidar una plataforma de gesti\u00f3n territorial que transforme el ordenamiento del departamento y garantice mejores servicios y calidad de vida para todos sus habitantes.\u201d<\/p>\n\n\n\n<p>Este reconocimiento sit\u00faa a Bol\u00edvar como l\u00edder en innovaci\u00f3n territorial y reafirma el compromiso del gobierno de Arana Padau\u00ed con el progreso tecnol\u00f3gico y social del departamento.<\/p>\n","protected":false},"excerpt":{"rendered":"<p>La Gobernaci\u00f3n de Bol\u00edvar fue distinguida con el premio Smart City Innovator Awards por su visi\u00f3n de futuro con el proyecto innovador GeoBol\u00edvar: Plataforma Integral de Gesti\u00f3n Territorial<\/p>\n","protected":false},"author":2,"featured_media":6651,"comment_status":"closed","ping_status":"closed","sticky":false,"template":"","format":"standard","meta":{"om_disable_all_campaigns":false,"_monsterinsights_skip_tracking":false,"_monsterinsights_sitenote_active":false,"_monsterinsights_sitenote_note":"","_monsterinsights_sitenote_category":0,"footnotes":""},"categories":[102,108],"tags":[293,501,380],"class_list":["post-6650","post","type-post","status-publish","format-standard","has-post-thumbnail","hentry","category-generales","category-tecnologia","tag-andicom","tag-cintel","tag-gobernacion-bolivar"],"_links":{"self":[{"href":"https:\/\/cartagenaaldia.com\/index.php\/wp-json\/wp\/v2\/posts\/6650","targetHints":{"allow":["GET"]}}],"collection":[{"href":"https:\/\/cartagenaaldia.com\/index.php\/wp-json\/wp\/v2\/posts"}],"about":[{"href":"https:\/\/cartagenaaldia.com\/index.php\/wp-json\/wp\/v2\/types\/post"}],"author":[{"embeddable":true,"href":"https:\/\/cartagenaaldia.com\/index.php\/wp-json\/wp\/v2\/users\/2"}],"replies":[{"embeddable":true,"href":"https:\/\/cartagenaaldia.com\/index.php\/wp-json\/wp\/v2\/comments?post=6650"}],"version-history":[{"count":1,"href":"https:\/\/cartagenaaldia.com\/index.php\/wp-json\/wp\/v2\/posts\/6650\/revisions"}],"predecessor-version":[{"id":6652,"href":"https:\/\/cartagenaaldia.com\/index.php\/wp-json\/wp\/v2\/posts\/6650\/revisions\/6652"}],"wp:featuredmedia":[{"embeddable":true,"href":"https:\/\/cartagenaaldia.com\/index.php\/wp-json\/wp\/v2\/media\/6651"}],"wp:attachment":[{"href":"https:\/\/cartagenaaldia.com\/index.php\/wp-json\/wp\/v2\/media?parent=6650"}],"wp:term":[{"taxonomy":"category","embeddable":true,"href":"https:\/\/cartagenaaldia.com\/index.php\/wp-json\/wp\/v2\/categories?post=6650"},{"taxonomy":"post_tag","embeddable":true,"href":"https:\/\/cartagenaaldia.com\/index.php\/wp-json\/wp\/v2\/tags?post=6650"}],"curies":[{"name":"wp","href":"https:\/\/api.w.org\/{rel}","templated":true}]}}