{"id":6638,"date":"2024-09-06T11:59:36","date_gmt":"2024-09-06T16:59:36","guid":{"rendered":"https:\/\/cartagenaaldia.com\/?p=6638"},"modified":"2025-04-15T19:02:54","modified_gmt":"2025-04-16T00:02:54","slug":"crecimiento-de-bioger-no-se-detiene","status":"publish","type":"post","link":"https:\/\/cartagenaaldia.com\/index.php\/2024\/09\/06\/crecimiento-de-bioger-no-se-detiene\/","title":{"rendered":"Crecimiento de Bioger no se Detiene"},"content":{"rendered":"\n<p><strong>Sala Redacci\u00f3n.-<\/strong> Bioger S.A.S. E.S.P., una de las principales empresas de servicios p\u00fablicos de aseo en Colombia, ha sido reconocida por la C\u00e1mara de Comercio de Cartagena como una de las 100 empresas m\u00e1s rentables del departamento de Bol\u00edvar. Con un destacado puesto 89 en el ranking de empresas con mayores utilidades, la compa\u00f1\u00eda reafirma su s\u00f3lido impacto en la econom\u00eda local y nacional.<\/p>\n\n\n\n<p>Adem\u00e1s, Bioger S.A.S. E.S.P. se posiciona en el puesto 58 entre las empresas con mayores activos y en el lugar 77 en t\u00e9rminos de patrimonio, consolid\u00e1ndose como un actor estrat\u00e9gico en la gesti\u00f3n de residuos y servicios p\u00fablicos en m\u00e1s de 32 municipios del pa\u00eds, entre ellos los departamentos de Cesar, Caldas, Magdalena y Bol\u00edvar.<\/p>\n\n\n\n<p>Desde su fundaci\u00f3n en 2009, Bioger ha mantenido un crecimiento sostenido gracias a su enfoque en soluciones ambientales innovadoras y estrategias sostenibles, contribuyendo significativamente al bienestar de las comunidades que atiende. La empresa no solo se ha dedicado a la recolecci\u00f3n y tratamiento de residuos domiciliarios y peligrosos, sino que tambi\u00e9n ha demostrado un fuerte compromiso social y educativo, involucrando a las comunidades en procesos de reciclaje y gesti\u00f3n ambiental.<\/p>\n\n\n\n<p>El crecimiento de Bioger no se detiene ah\u00ed. En su constante b\u00fasqueda de diversificaci\u00f3n, la compa\u00f1\u00eda ha expandido su portafolio de servicios hacia \u00e1reas clave como la generaci\u00f3n y comercializaci\u00f3n de energ\u00eda el\u00e9ctrica. Tambi\u00e9n est\u00e1 incursionando en el desarrollo de tecnolog\u00edas de la informaci\u00f3n y comunicaci\u00f3n (TIC), con proyectos como el alumbrado p\u00fablico inteligente, sistemas de seguridad ciudadana y privada, y semaforizaci\u00f3n avanzada para mejorar la movilidad urbana.<\/p>\n\n\n\n<p>Este reconocimiento llega en un a\u00f1o emblem\u00e1tico para Bioger, que celebra su 25\u00ba aniversario de servicio. En su trayectoria, la empresa ha demostrado un compromiso constante con la innovaci\u00f3n y la sostenibilidad, contribuyendo al desarrollo econ\u00f3mico y social de Cartagena, Bol\u00edvar y otras regiones del pa\u00eds.<\/p>\n","protected":false},"excerpt":{"rendered":"<p>Bioger Empresa de Servicio Publico Domiciliario de Aseo en Bol\u00edvar una de las empresa de mayor crecimiento seg\u00fan ranking de la Camara de Comercio de Cartagena<\/p>\n","protected":false},"author":2,"featured_media":6639,"comment_status":"closed","ping_status":"closed","sticky":false,"template":"","format":"standard","meta":{"om_disable_all_campaigns":false,"_monsterinsights_skip_tracking":false,"_monsterinsights_sitenote_active":false,"_monsterinsights_sitenote_note":"","_monsterinsights_sitenote_category":0,"footnotes":""},"categories":[103,102],"tags":[],"class_list":["post-6638","post","type-post","status-publish","format-standard","has-post-thumbnail","hentry","category-economia","category-generales"],"_links":{"self":[{"href":"https:\/\/cartagenaaldia.com\/index.php\/wp-json\/wp\/v2\/posts\/6638","targetHints":{"allow":["GET"]}}],"collection":[{"href":"https:\/\/cartagenaaldia.com\/index.php\/wp-json\/wp\/v2\/posts"}],"about":[{"href":"https:\/\/cartagenaaldia.com\/index.php\/wp-json\/wp\/v2\/types\/post"}],"author":[{"embeddable":true,"href":"https:\/\/cartagenaaldia.com\/index.php\/wp-json\/wp\/v2\/users\/2"}],"replies":[{"embeddable":true,"href":"https:\/\/cartagenaaldia.com\/index.php\/wp-json\/wp\/v2\/comments?post=6638"}],"version-history":[{"count":2,"href":"https:\/\/cartagenaaldia.com\/index.php\/wp-json\/wp\/v2\/posts\/6638\/revisions"}],"predecessor-version":[{"id":6646,"href":"https:\/\/cartagenaaldia.com\/index.php\/wp-json\/wp\/v2\/posts\/6638\/revisions\/6646"}],"wp:featuredmedia":[{"embeddable":true,"href":"https:\/\/cartagenaaldia.com\/index.php\/wp-json\/wp\/v2\/media\/6639"}],"wp:attachment":[{"href":"https:\/\/cartagenaaldia.com\/index.php\/wp-json\/wp\/v2\/media?parent=6638"}],"wp:term":[{"taxonomy":"category","embeddable":true,"href":"https:\/\/cartagenaaldia.com\/index.php\/wp-json\/wp\/v2\/categories?post=6638"},{"taxonomy":"post_tag","embeddable":true,"href":"https:\/\/cartagenaaldia.com\/index.php\/wp-json\/wp\/v2\/tags?post=6638"}],"curies":[{"name":"wp","href":"https:\/\/api.w.org\/{rel}","templated":true}]}}