{"id":6622,"date":"2024-09-06T12:04:21","date_gmt":"2024-09-06T17:04:21","guid":{"rendered":"https:\/\/cartagenaaldia.com\/?p=6622"},"modified":"2024-09-06T15:13:49","modified_gmt":"2024-09-06T20:13:49","slug":"paros-y-bloqueos-deterioran-la-economia","status":"publish","type":"post","link":"https:\/\/cartagenaaldia.com\/index.php\/2024\/09\/06\/paros-y-bloqueos-deterioran-la-economia\/","title":{"rendered":"Paros y bloqueos deterioran la econom\u00eda"},"content":{"rendered":"\n<p><strong>Sala Redacci\u00f3n<\/strong>. &#8211; ALIADAS la uni\u00f3n de voluntades de 35 asociaciones y gremios alerta sobre los serios efectos que el paro de transporte, actualmente en curso en diversas regiones del pa\u00eds, podr\u00eda tener en la econom\u00eda nacional, especialmente en la inflaci\u00f3n y, por ende, en el costo de vida de los colombianos.<\/p>\n\n\n\n<p>Hist\u00f3ricamente, los paros y bloqueos han causado consecuencias significativas. Durante el paro camionero de 2016, se estim\u00f3 que el pa\u00eds perdi\u00f3 alrededor de $3.3 billones de pesos, lo que afect\u00f3 gravemente la cadena de suministro y el acceso a bienes b\u00e1sicos. En esa ocasi\u00f3n, seg\u00fan el Banco de la Rep\u00fablica, el \u00cdndice de Precios al Consumidor (IPC) aument\u00f3 0.52 puntos porcentuales en un solo mes debido al desabastecimiento y al incremento en los costos de transporte.<\/p>\n\n\n\n<p>Estudios previos indican que las p\u00e9rdidas diarias por bloqueos en sectores estrat\u00e9gicos pueden ascender a $80.000 millones de pesos, perjudicando no solo a la econom\u00eda nacional sino tambi\u00e9n a la calidad de vida de la poblaci\u00f3n. Este tipo de medidas afectan a todos y debilitan a\u00fan m\u00e1s la estabilidad econ\u00f3mica del pa\u00eds.<\/p>\n\n\n\n<p>ALIADAS subraya que la situaci\u00f3n es especialmente delicada debido al estancamiento econ\u00f3mico que enfrenta Colombia. Las decisiones que impactan sectores cr\u00edticos, como el transporte, deben tener en cuenta tanto la estabilidad fiscal como el impacto en la econom\u00eda real, para evitar un aumento inflacionario severo.<\/p>\n\n\n\n<p>Por ello, ALIADAS <strong><u>hace un llamado urgente<\/u><\/strong> a las partes involucradas para que encuentren soluciones prontas y efectivas que eviten un mayor deterioro en las condiciones de vida de los colombianos y contribuyan a la estabilidad econ\u00f3mica del pa\u00eds.<\/p>\n\n\n\n<p><strong>ALIADAS es la uni\u00f3n de voluntades de 35 asociaciones y gremios que han decidido aunar esfuerzos para contribuir al fortalecimiento institucional del pa\u00eds, al desarrollo econ\u00f3mico, a defender la libre empresa y la seguridad jur\u00eddica, estimular el compromiso de las empresas para colaborar y profundizar en los intereses de la sociedad, con el fin de que Colombia sea cada vez un pa\u00eds m\u00e1s competitivo, globalizado y sostenible.<\/strong><\/p>\n\n\n\n<figure class=\"wp-block-image size-large\"><img fetchpriority=\"high\" decoding=\"async\" width=\"1024\" height=\"683\" src=\"https:\/\/cartagenaaldia.com\/wp-content\/uploads\/2024\/09\/Aliadas-Paro-1024x683.webp\" alt=\"\" class=\"wp-image-6624\"\/><\/figure>\n\n\n\n<p>Ximena Tapia, presidenta UCEP; Carlos Acero, presidente ejecutivo de Confecoop, Mar\u00eda Claudia Lacouture, presidenta de ALIADAS y Amcham, Carlos Cante, presidente de Fenalcarb\u00f3n, Ana Karina Quessep, presidente de BPro, Alejandro Casta\u00f1eda, vicepresidente de ALIADAS y presidente de ANDEG y Claudia Gonzalez, ACOAS<\/p>\n","protected":false},"excerpt":{"rendered":"<p>ALIADAS advierte sobre el efecto que el paro puede tener sobre la inflaci\u00f3n y el costo de vida de los colombianos<\/p>\n","protected":false},"author":2,"featured_media":6647,"comment_status":"closed","ping_status":"closed","sticky":false,"template":"","format":"standard","meta":{"om_disable_all_campaigns":false,"_monsterinsights_skip_tracking":false,"_monsterinsights_sitenote_active":false,"_monsterinsights_sitenote_note":"","_monsterinsights_sitenote_category":0,"footnotes":""},"categories":[103,102],"tags":[496],"class_list":["post-6622","post","type-post","status-publish","format-standard","has-post-thumbnail","hentry","category-economia","category-generales","tag-aliadas"],"_links":{"self":[{"href":"https:\/\/cartagenaaldia.com\/index.php\/wp-json\/wp\/v2\/posts\/6622","targetHints":{"allow":["GET"]}}],"collection":[{"href":"https:\/\/cartagenaaldia.com\/index.php\/wp-json\/wp\/v2\/posts"}],"about":[{"href":"https:\/\/cartagenaaldia.com\/index.php\/wp-json\/wp\/v2\/types\/post"}],"author":[{"embeddable":true,"href":"https:\/\/cartagenaaldia.com\/index.php\/wp-json\/wp\/v2\/users\/2"}],"replies":[{"embeddable":true,"href":"https:\/\/cartagenaaldia.com\/index.php\/wp-json\/wp\/v2\/comments?post=6622"}],"version-history":[{"count":2,"href":"https:\/\/cartagenaaldia.com\/index.php\/wp-json\/wp\/v2\/posts\/6622\/revisions"}],"predecessor-version":[{"id":6653,"href":"https:\/\/cartagenaaldia.com\/index.php\/wp-json\/wp\/v2\/posts\/6622\/revisions\/6653"}],"wp:featuredmedia":[{"embeddable":true,"href":"https:\/\/cartagenaaldia.com\/index.php\/wp-json\/wp\/v2\/media\/6647"}],"wp:attachment":[{"href":"https:\/\/cartagenaaldia.com\/index.php\/wp-json\/wp\/v2\/media?parent=6622"}],"wp:term":[{"taxonomy":"category","embeddable":true,"href":"https:\/\/cartagenaaldia.com\/index.php\/wp-json\/wp\/v2\/categories?post=6622"},{"taxonomy":"post_tag","embeddable":true,"href":"https:\/\/cartagenaaldia.com\/index.php\/wp-json\/wp\/v2\/tags?post=6622"}],"curies":[{"name":"wp","href":"https:\/\/api.w.org\/{rel}","templated":true}]}}