{"id":6599,"date":"2024-09-03T08:32:12","date_gmt":"2024-09-03T13:32:12","guid":{"rendered":"https:\/\/cartagenaaldia.com\/?p=6599"},"modified":"2024-09-03T08:32:12","modified_gmt":"2024-09-03T13:32:12","slug":"cuarta-oferta-de-formacion-presencial-sena","status":"publish","type":"post","link":"https:\/\/cartagenaaldia.com\/index.php\/2024\/09\/03\/cuarta-oferta-de-formacion-presencial-sena\/","title":{"rendered":"Cuarta oferta de formaci\u00f3n presencial SENA"},"content":{"rendered":"\n<p><strong>Sala Redacci\u00f3n. &#8211;<\/strong> Continuando con su ciclo de formaci\u00f3n Presencial y a Distancia el SENA pone a disposici\u00f3n, en todas las regiones del pa\u00eds, su oferta de Formaci\u00f3n para que los colombianos puedan elegir, desde el 2 y hasta el 8 de septiembre, el programa que m\u00e1s se ajuste a sus necesidades y horarios.<\/p>\n\n\n\n<p>Esta nueva oportunidad para m\u00e1s de 52 mil colombianos y extranjeros (que tengan permiso de residencia y estudio en el pa\u00eds) tiene el objetivo de responder a las necesidades del talento humano de cada regi\u00f3n. En esta ocasi\u00f3n, podr\u00e1n adquirir nuevas herramientas de formaci\u00f3n a trav\u00e9s de cinco niveles: auxiliar, operario, t\u00e9cnico, tecn\u00f3logo y profundizaci\u00f3n t\u00e9cnica.<\/p>\n\n\n\n<p>En Bol\u00edvar, tenemos 3.190 cupos disponibles para programas t\u00e9cnicos, tecn\u00f3logos y operarios a trav\u00e9s de los Centros Agroempresarial, N\u00e1utico, Comercio y Petroqu\u00edmico, en programas como Asesor\u00eda Comercial, Cocina, Procesos de la Industria Qu\u00edmica, Construcci\u00f3n de Edificaciones, Gesti\u00f3n Portuaria, Operaci\u00f3n de Acueductos Rurales, Panificaci\u00f3n, Cervecer\u00eda Artesanal, Agricultura de Precisi\u00f3n, Gesti\u00f3n Agrempresarial, An\u00e1lisis y Desarrollo de Software, entre otros, enfocados en formar talento clave para el sector productivo de la Regi\u00f3n.<\/p>\n\n\n\n<p>Jaime Torrado Casadiegos, director del SENA Bol\u00edvar, invita a los bolivarenses a inscribirse en la nueva convocatoria de formaci\u00f3n presencial y a distancia, destacando que &#8220;en nuestra Entidad generamos oportunidades para todos&#8221;. Adem\u00e1s, recalca que los servicios del SENA son gratuitos y no requieren intermediarios, animando a los interesados a no perder esta oportunidad.<\/p>\n\n\n\n<p><strong>Estos son los pasos para inscribirse:<\/strong><\/p>\n\n\n\n<p>1. Ingresar a: <a href=\"https:\/\/www.sena.edu.co\/es-co\/Paginas\/default.aspxhttp:\/\/oferta.senasofiaplus.edu.co\/sofia-oferta\/\" target=\"_blank\" rel=\"noreferrer noopener\">https:\/\/www.sena.edu.co\/es-co\/Paginas\/default.aspxhttp:\/\/oferta.senasofiaplus.edu.co\/sofia-oferta\/<\/a><\/p>\n\n\n\n<p>2. Ubicar el recuadro de la parte inferior izquierda que dice \u2018\u00bfQu\u00e9 quiere estudiar?\u2019, y seleccionar el tipo de programa (operario, auxiliar, profundizaci\u00f3n t\u00e9cnica, t\u00e9cnico o tecn\u00f3logo), escribir una palabra clave (Cocina, por ejemplo), la ciudad en la que desea estudiar y dar clic en \u2018Buscar\u2019.<\/p>\n\n\n\n<p>3. Aparecen todos los datos del programa de formaci\u00f3n.<\/p>\n\n\n\n<p>4. Si ya est\u00e1 registrado, ingrese los datos para iniciar el proceso de inscripci\u00f3n.<\/p>\n\n\n\n<p>5. Si no est\u00e1 registrado, debe dar clic en \u2018Registrarse\u2019 y seguir los pasos.<\/p>\n\n\n\n<p>6. Para el registro o inscripci\u00f3n a un programa de formaci\u00f3n de cualquier nivel, ahora es requerido el cargue de su documento de identidad vigente en SOFIA Plus.<\/p>\n\n\n\n<p>7. Si usted ya se encuentra registrado, por favor ingrese a la plataforma y seleccione \u2018Aspirante Registro\u2019, \u2018Registro Persona\u2019 y \u2018Documentos\u2019. Cargue su documento.<\/p>\n\n\n\n<p>8. Recuerde las especificaciones de cargue: Formato PDF, escanear el documento original; orientaci\u00f3n del documento: vertical, tama\u00f1o hasta 2 Mb.<\/p>\n\n\n\n<p>9. Tambi\u00e9n, puede comunicarse a la l\u00ednea gratuita en Bogot\u00e1 601 7366060 y fuera de Bogot\u00e1 al 018000-910270.<\/p>\n\n\n\n<p>Cualquier duda sobre los programas de formaci\u00f3n gratuitos del SENA debe consultarse exclusivamente a trav\u00e9s de los canales oficiales de la Entidad, como la p\u00e1gina www.sena.edu.co, redes sociales @SENAComunica o visitar el centro de formaci\u00f3n m\u00e1s cercano.<\/p>\n\n\n\n<figure class=\"wp-block-gallery has-nested-images columns-default is-cropped wp-block-gallery-1 is-layout-flex wp-block-gallery-is-layout-flex\">\n<figure class=\"wp-block-image size-large\"><img fetchpriority=\"high\" decoding=\"async\" width=\"740\" height=\"1024\" data-id=\"6602\" src=\"https:\/\/cartagenaaldia.com\/wp-content\/uploads\/2024\/09\/SENA-Formacion-6-740x1024.webp\" alt=\"\" class=\"wp-image-6602\"\/><\/figure>\n\n\n\n<figure class=\"wp-block-image size-large\"><img decoding=\"async\" width=\"660\" height=\"1024\" data-id=\"6603\" src=\"https:\/\/cartagenaaldia.com\/wp-content\/uploads\/2024\/09\/SENA-Formacion-5-660x1024.webp\" alt=\"\" class=\"wp-image-6603\"\/><\/figure>\n\n\n\n<figure class=\"wp-block-image size-large\"><img decoding=\"async\" width=\"840\" height=\"1024\" data-id=\"6607\" src=\"https:\/\/cartagenaaldia.com\/wp-content\/uploads\/2024\/09\/SENA-Formacion-4-840x1024.webp\" alt=\"\" class=\"wp-image-6607\"\/><\/figure>\n\n\n\n<figure class=\"wp-block-image size-large\"><img loading=\"lazy\" decoding=\"async\" width=\"707\" height=\"1024\" data-id=\"6606\" src=\"https:\/\/cartagenaaldia.com\/wp-content\/uploads\/2024\/09\/SENA-Formacion-3-707x1024.webp\" alt=\"\" class=\"wp-image-6606\"\/><\/figure>\n\n\n\n<figure class=\"wp-block-image size-large\"><img loading=\"lazy\" decoding=\"async\" width=\"676\" height=\"1024\" data-id=\"6604\" src=\"https:\/\/cartagenaaldia.com\/wp-content\/uploads\/2024\/09\/SENA-Formacion-2-676x1024.webp\" alt=\"\" class=\"wp-image-6604\"\/><\/figure>\n\n\n\n<figure class=\"wp-block-image size-large\"><img loading=\"lazy\" decoding=\"async\" width=\"650\" height=\"1024\" data-id=\"6605\" src=\"https:\/\/cartagenaaldia.com\/wp-content\/uploads\/2024\/09\/SENA-Formacion-1-650x1024.webp\" alt=\"\" class=\"wp-image-6605\"\/><\/figure>\n<\/figure>\n","protected":false},"excerpt":{"rendered":"<p>El SENA ofrece m\u00e1s de 52 mil cupos para Formaci\u00f3n Presencial y a Distancia en 313 programas  hasta el pr\u00f3ximo 8 de septiembre<\/p>\n","protected":false},"author":2,"featured_media":6600,"comment_status":"closed","ping_status":"closed","sticky":false,"template":"","format":"standard","meta":{"om_disable_all_campaigns":false,"_monsterinsights_skip_tracking":false,"_monsterinsights_sitenote_active":false,"_monsterinsights_sitenote_note":"","_monsterinsights_sitenote_category":0,"footnotes":""},"categories":[112,102],"tags":[125],"class_list":["post-6599","post","type-post","status-publish","format-standard","has-post-thumbnail","hentry","category-educacion","category-generales","tag-sena"],"_links":{"self":[{"href":"https:\/\/cartagenaaldia.com\/index.php\/wp-json\/wp\/v2\/posts\/6599","targetHints":{"allow":["GET"]}}],"collection":[{"href":"https:\/\/cartagenaaldia.com\/index.php\/wp-json\/wp\/v2\/posts"}],"about":[{"href":"https:\/\/cartagenaaldia.com\/index.php\/wp-json\/wp\/v2\/types\/post"}],"author":[{"embeddable":true,"href":"https:\/\/cartagenaaldia.com\/index.php\/wp-json\/wp\/v2\/users\/2"}],"replies":[{"embeddable":true,"href":"https:\/\/cartagenaaldia.com\/index.php\/wp-json\/wp\/v2\/comments?post=6599"}],"version-history":[{"count":2,"href":"https:\/\/cartagenaaldia.com\/index.php\/wp-json\/wp\/v2\/posts\/6599\/revisions"}],"predecessor-version":[{"id":6608,"href":"https:\/\/cartagenaaldia.com\/index.php\/wp-json\/wp\/v2\/posts\/6599\/revisions\/6608"}],"wp:featuredmedia":[{"embeddable":true,"href":"https:\/\/cartagenaaldia.com\/index.php\/wp-json\/wp\/v2\/media\/6600"}],"wp:attachment":[{"href":"https:\/\/cartagenaaldia.com\/index.php\/wp-json\/wp\/v2\/media?parent=6599"}],"wp:term":[{"taxonomy":"category","embeddable":true,"href":"https:\/\/cartagenaaldia.com\/index.php\/wp-json\/wp\/v2\/categories?post=6599"},{"taxonomy":"post_tag","embeddable":true,"href":"https:\/\/cartagenaaldia.com\/index.php\/wp-json\/wp\/v2\/tags?post=6599"}],"curies":[{"name":"wp","href":"https:\/\/api.w.org\/{rel}","templated":true}]}}