{"id":6596,"date":"2024-09-02T18:14:41","date_gmt":"2024-09-02T23:14:41","guid":{"rendered":"https:\/\/cartagenaaldia.com\/?p=6596"},"modified":"2024-09-02T18:14:42","modified_gmt":"2024-09-02T23:14:42","slug":"capturado-alias-caleb","status":"publish","type":"post","link":"https:\/\/cartagenaaldia.com\/index.php\/2024\/09\/02\/capturado-alias-caleb\/","title":{"rendered":"Capturado alias \u201cCaleb\u201d"},"content":{"rendered":"\n<p>Sala Redacci\u00f3n. &#8211; En las \u00faltimas horas, unidades adscritas a la Seccional de Investigaci\u00f3n Criminal  (SIJIN), en coordinaci\u00f3n con la Fiscal\u00eda General de la Naci\u00f3n, y en el marco de la &#8216;Operaci\u00f3n Caribe&#8217;, se captura a alias \u201cCaleb\u201d, presunto responsable de varios homicidios en diferentes barrios de la ciudad. <\/p>\n\n\n\n<p>Labores de Investigaci\u00f3n Criminal e Inteligencia Policial  permitieron la captura de CALEB PEREZ HURTADO, de 29 a\u00f1os, en el barrio San Jos\u00e9 de los Campanos, por los delitos de fabricaci\u00f3n, tr\u00e1fico porte o tenencia de armas de fuego, integrante de la Subestructura Nicol\u00e1s Antonio Urango Reyes y quien ejerc\u00eda como jefe de zona en los barrios El Poz\u00f3n, Fredonia, Las Am\u00e9ricas y San Jos\u00e9 de los Campanos.<\/p>\n\n\n\n<p>Durante la diligencia de registro y allanamiento a la vivienda, los investigadores descubrieron que alias &#8220;Caleb&#8221;, ten\u00eda un lugar especial utilizado como templo de santeria vinculado al oscuro mundo del crimen.<\/p>\n\n\n\n<p>As\u00ed mismo, lo ten\u00eda acondicionado con escaleras colocadas meticulosamente para escabullirse de las autoridades. Sin embargo, un perfecta planeaci\u00f3n de la operaci\u00f3n, impidi\u00f3 su escape. <\/p>\n\n\n\n<p>Alias \u201cCaleb\u201d ten\u00eda mas de 10 a\u00f1os de trayectoria criminal como dinamizador de homicidios y extorsi\u00f3n, en los a\u00f1os 2016 y 2018, quien fung\u00eda como sicario de la extinta banda delincuencia \u201cLos Paisas\u201d.  En el 2019 se vincula con el Clan del Golfo, desempe\u00f1ando el rol de sicario, en el 2022 escala en la organizaci\u00f3n criminal Nicol\u00e1s Antonio Urango Reyes tras la captura de alias \u201cYulito\u201d, y asume como jefe de sicarios.<\/p>\n\n\n\n<p>Al capturado se le adjudica la coordinaci\u00f3n de varios homicidios en el a\u00f1o 2024, como unos de los principales coordinadores de sicariatos y distribuidores a gran escala de estupefacientes bajo la modalidad de coacci\u00f3n en diferentes barrios de la ciudad.<\/p>\n\n\n\n<p>Al capturado le registran 4 anotaciones judiciales por los siguientes delitos: (2) por homicidio en los a\u00f1os 2011 \/ 2023, (1) porte ilegal de arma de fuego en 2011 y (1) por acoso sexual en 2014.<\/p>\n","protected":false},"excerpt":{"rendered":"<p>Caleb presunto jefe de sicarios con mas de 10 a\u00f1os de trayectoria crimina ten\u00eda un templo de santeria vinculado al oscuro mundo del crimen<\/p>\n","protected":false},"author":2,"featured_media":6597,"comment_status":"closed","ping_status":"closed","sticky":false,"template":"","format":"standard","meta":{"om_disable_all_campaigns":false,"_monsterinsights_skip_tracking":false,"_monsterinsights_sitenote_active":false,"_monsterinsights_sitenote_note":"","_monsterinsights_sitenote_category":0,"footnotes":""},"categories":[102,111],"tags":[192],"class_list":["post-6596","post","type-post","status-publish","format-standard","has-post-thumbnail","hentry","category-generales","category-justicia","tag-polmecar"],"_links":{"self":[{"href":"https:\/\/cartagenaaldia.com\/index.php\/wp-json\/wp\/v2\/posts\/6596","targetHints":{"allow":["GET"]}}],"collection":[{"href":"https:\/\/cartagenaaldia.com\/index.php\/wp-json\/wp\/v2\/posts"}],"about":[{"href":"https:\/\/cartagenaaldia.com\/index.php\/wp-json\/wp\/v2\/types\/post"}],"author":[{"embeddable":true,"href":"https:\/\/cartagenaaldia.com\/index.php\/wp-json\/wp\/v2\/users\/2"}],"replies":[{"embeddable":true,"href":"https:\/\/cartagenaaldia.com\/index.php\/wp-json\/wp\/v2\/comments?post=6596"}],"version-history":[{"count":1,"href":"https:\/\/cartagenaaldia.com\/index.php\/wp-json\/wp\/v2\/posts\/6596\/revisions"}],"predecessor-version":[{"id":6598,"href":"https:\/\/cartagenaaldia.com\/index.php\/wp-json\/wp\/v2\/posts\/6596\/revisions\/6598"}],"wp:featuredmedia":[{"embeddable":true,"href":"https:\/\/cartagenaaldia.com\/index.php\/wp-json\/wp\/v2\/media\/6597"}],"wp:attachment":[{"href":"https:\/\/cartagenaaldia.com\/index.php\/wp-json\/wp\/v2\/media?parent=6596"}],"wp:term":[{"taxonomy":"category","embeddable":true,"href":"https:\/\/cartagenaaldia.com\/index.php\/wp-json\/wp\/v2\/categories?post=6596"},{"taxonomy":"post_tag","embeddable":true,"href":"https:\/\/cartagenaaldia.com\/index.php\/wp-json\/wp\/v2\/tags?post=6596"}],"curies":[{"name":"wp","href":"https:\/\/api.w.org\/{rel}","templated":true}]}}