{"id":6572,"date":"2024-08-29T17:44:11","date_gmt":"2024-08-29T22:44:11","guid":{"rendered":"https:\/\/cartagenaaldia.com\/?p=6572"},"modified":"2024-08-29T17:44:11","modified_gmt":"2024-08-29T22:44:11","slug":"nuevos-retos-de-la-agencia-nacional-del-espectro","status":"publish","type":"post","link":"https:\/\/cartagenaaldia.com\/index.php\/2024\/08\/29\/nuevos-retos-de-la-agencia-nacional-del-espectro\/","title":{"rendered":"Nuevos Retos de la Agencia Nacional del Espectro"},"content":{"rendered":"\n<p><strong>Sala Redacci\u00f3n. &#8211;<\/strong>&nbsp;En rueda de prensa, el ingeniero Sergio Sotomayor, director general de la Agencia Nacional del Espectro (ANE), dio a conocer los retos que enfrenta la entidad, para continuar siendo un pilar esencial mediante el soporte t\u00e9cnico requerido para la formulaci\u00f3n de pol\u00edticas y estrategias de telecomunicaciones, estrechando la colaboraci\u00f3n con el Ministerio TIC y siendo reconocida como una entidad asesora clave para dicho ministerio.<\/p>\n\n\n\n<p>Dentro de los temas que se trabajar\u00e1n bajo el liderazgo de Sotomayor, se encuentra incrementar la participaci\u00f3n y contribuciones de la ANE en grupos de estudio t\u00e9cnicos internacionales, para posicionarla como un referente regional en la gesti\u00f3n del espectro, al respecto mencion\u00f3, \u201cqueremos fortalecer el liderazgo de Colombia en la gesti\u00f3n del espectro, participando en los grupos de estudio t\u00e9cnicos donde se discuten asuntos acordes con las pol\u00edticas globales y, a la vez, adaptando las mejores pr\u00e1cticas internacionales\u201d.<\/p>\n\n\n\n<p>De igual forma, el director general mencion\u00f3 que la ANE est\u00e1 en proceso de construir una nueva Pol\u00edtica de Espectro para el per\u00edodo 2025-2029, \u201cestamos adelantando una serie de reuniones donde buscamos acordar l\u00edneas de acci\u00f3n de esa Pol\u00edtica de Espectro, como por ejemplo, la flexibilizaci\u00f3n de la gesti\u00f3n del espectro, que aborda temas como la compartici\u00f3n de espectro y el licenciamiento ligero, o la utilizaci\u00f3n de nuevas tecnolog\u00edas para las labores de gesti\u00f3n, administraci\u00f3n y vigilancia de espectro, como la inteligencia artificial, entre otros aspectos\u201d.<\/p>\n\n\n\n<p>Por otro lado, dijo que era importante adaptar las estrategias y tecnolog\u00edas de la ANE para abordar los retos que surgen con la reorganizaci\u00f3n de las redes de servicios m\u00f3viles y las discusiones que se est\u00e1n dando para la convivencia de tecnolog\u00edas satelitales, de tal forma que la entidad pueda contribuir en el despliegue de una infraestructura de comunicaciones robusta y eficiente.<\/p>\n\n\n\n<p>\u201cEstamos preparando a la entidad para futuras tecnolog\u00edas, porque, aunque recientemente se dio la subasta de 5G, es crucial comenzar a sentar las bases para el desarrollo de 6G, asegurando que Colombia mantenga su competitividad y liderazgo tecnol\u00f3gico en la regi\u00f3n\u201d, afirm\u00f3 el director de la ANE.<\/p>\n\n\n\n<p>Finalmente, la ANE continuar\u00e1 trabajando para contribuir significativamente al desarrollo de las comunicaciones en Colombia, buscando mejorar la calidad de vida de los ciudadanos a trav\u00e9s de la transformaci\u00f3n digital del pa\u00eds.<\/p>\n","protected":false},"excerpt":{"rendered":"<p>La Agencia Nacional del Espectro en cabeza de su nuevo director Sergio Sotomayor llega a trabajar por el  liderazgo de Colombia en Am\u00e9rica Latina en telecomunicaciones<\/p>\n","protected":false},"author":2,"featured_media":6573,"comment_status":"closed","ping_status":"closed","sticky":false,"template":"","format":"standard","meta":{"om_disable_all_campaigns":false,"_monsterinsights_skip_tracking":false,"_monsterinsights_sitenote_active":false,"_monsterinsights_sitenote_note":"","_monsterinsights_sitenote_category":0,"footnotes":""},"categories":[102,108],"tags":[494,493,434],"class_list":["post-6572","post","type-post","status-publish","format-standard","has-post-thumbnail","hentry","category-generales","category-tecnologia","tag-agencia-nacional-espectro","tag-ane","tag-mintic"],"_links":{"self":[{"href":"https:\/\/cartagenaaldia.com\/index.php\/wp-json\/wp\/v2\/posts\/6572","targetHints":{"allow":["GET"]}}],"collection":[{"href":"https:\/\/cartagenaaldia.com\/index.php\/wp-json\/wp\/v2\/posts"}],"about":[{"href":"https:\/\/cartagenaaldia.com\/index.php\/wp-json\/wp\/v2\/types\/post"}],"author":[{"embeddable":true,"href":"https:\/\/cartagenaaldia.com\/index.php\/wp-json\/wp\/v2\/users\/2"}],"replies":[{"embeddable":true,"href":"https:\/\/cartagenaaldia.com\/index.php\/wp-json\/wp\/v2\/comments?post=6572"}],"version-history":[{"count":1,"href":"https:\/\/cartagenaaldia.com\/index.php\/wp-json\/wp\/v2\/posts\/6572\/revisions"}],"predecessor-version":[{"id":6574,"href":"https:\/\/cartagenaaldia.com\/index.php\/wp-json\/wp\/v2\/posts\/6572\/revisions\/6574"}],"wp:featuredmedia":[{"embeddable":true,"href":"https:\/\/cartagenaaldia.com\/index.php\/wp-json\/wp\/v2\/media\/6573"}],"wp:attachment":[{"href":"https:\/\/cartagenaaldia.com\/index.php\/wp-json\/wp\/v2\/media?parent=6572"}],"wp:term":[{"taxonomy":"category","embeddable":true,"href":"https:\/\/cartagenaaldia.com\/index.php\/wp-json\/wp\/v2\/categories?post=6572"},{"taxonomy":"post_tag","embeddable":true,"href":"https:\/\/cartagenaaldia.com\/index.php\/wp-json\/wp\/v2\/tags?post=6572"}],"curies":[{"name":"wp","href":"https:\/\/api.w.org\/{rel}","templated":true}]}}