{"id":6191,"date":"2024-08-04T13:48:11","date_gmt":"2024-08-04T18:48:11","guid":{"rendered":"https:\/\/cartagenaaldia.com\/?p=6191"},"modified":"2024-08-04T13:48:12","modified_gmt":"2024-08-04T18:48:12","slug":"nativo-de-tierra-bomba-a-la-final-de-copa-america-de-surf","status":"publish","type":"post","link":"https:\/\/cartagenaaldia.com\/index.php\/2024\/08\/04\/nativo-de-tierra-bomba-a-la-final-de-copa-america-de-surf\/","title":{"rendered":"Nativo de Tierra Bomba a la final de Copa Am\u00e9rica de Surf"},"content":{"rendered":"\n<p>Con la presencia der 60 competidores de toda Am\u00e9rica se desarrolla en las playas del sector Pompeya, San Bernardo del Viento, C\u00f3rdoba la Primera Copa Am\u00e9rica de Stand Up Paddle \u2013 Copa Am\u00e9rica Sup 2024 avalada por la Confederaci\u00f3n Suramericana de Surf.<\/p>\n\n\n\n<p>Ratificando toda su experiencia y la manera tan particular como llega al Surf; Rober C\u00f3rdoba, un cartagenero nacido en el sector insular consigue un 4to lugar en la Copa Am\u00e9rica de SUP 2024.<\/p>\n\n\n\n<p>Rober Jos\u00e9 Cordoba Moncaris, surfista nativo Tierra Bomba, logr\u00f3 un cuarto lugar de la categor\u00eda Sprint 100 metros de la primera parada de la Copa Am\u00e9rica de SUP 2024.<\/p>\n\n\n\n<p>C\u00f3rdoba, despu\u00e9s de una incre\u00edble demostraci\u00f3n de habilidad, resistencia y potencia, logr\u00f3 un cupo a la gran final frente a&nbsp; competidores de \u00e9lite de toda Am\u00e9rica.<\/p>\n\n\n\n<p>Las competencias de la Copa Am\u00e9rica Sup 2024 dieron inicio en las Playas del sector Pompeya, San Bernardo del Viento, C\u00f3rdoba y se trasladar\u00e1n a las playas de Cove\u00f1as, Sucre y las Playas Las Velas, Cartagena, Bol\u00edvar.<\/p>\n\n\n\n<p>El cronograma oficial dio inicio el 1 de agosto con la llegada de los competidores a San Bernardo del Viento, C\u00f3rdoba; se trasladar\u00e1 el 5 de agosto a Cove\u00f1as, Sucre y tendr\u00e1 su cierre en Cartagena desde el 8 de agosto con el traslado de los competidores.<\/p>\n","protected":false},"excerpt":{"rendered":"<p>Con habilidad, resistencia y potencia Cartagenero nacido en el sector insular consigue cupo a la final de la Copa Am\u00e9rica de SUP 2024 <\/p>\n","protected":false},"author":2,"featured_media":6192,"comment_status":"closed","ping_status":"closed","sticky":false,"template":"","format":"standard","meta":{"om_disable_all_campaigns":false,"_monsterinsights_skip_tracking":false,"_monsterinsights_sitenote_active":false,"_monsterinsights_sitenote_note":"","_monsterinsights_sitenote_category":0,"footnotes":""},"categories":[106,102],"tags":[469],"class_list":["post-6191","post","type-post","status-publish","format-standard","has-post-thumbnail","hentry","category-deporte","category-generales","tag-federacion-colombiano-surf"],"_links":{"self":[{"href":"https:\/\/cartagenaaldia.com\/index.php\/wp-json\/wp\/v2\/posts\/6191","targetHints":{"allow":["GET"]}}],"collection":[{"href":"https:\/\/cartagenaaldia.com\/index.php\/wp-json\/wp\/v2\/posts"}],"about":[{"href":"https:\/\/cartagenaaldia.com\/index.php\/wp-json\/wp\/v2\/types\/post"}],"author":[{"embeddable":true,"href":"https:\/\/cartagenaaldia.com\/index.php\/wp-json\/wp\/v2\/users\/2"}],"replies":[{"embeddable":true,"href":"https:\/\/cartagenaaldia.com\/index.php\/wp-json\/wp\/v2\/comments?post=6191"}],"version-history":[{"count":1,"href":"https:\/\/cartagenaaldia.com\/index.php\/wp-json\/wp\/v2\/posts\/6191\/revisions"}],"predecessor-version":[{"id":6193,"href":"https:\/\/cartagenaaldia.com\/index.php\/wp-json\/wp\/v2\/posts\/6191\/revisions\/6193"}],"wp:featuredmedia":[{"embeddable":true,"href":"https:\/\/cartagenaaldia.com\/index.php\/wp-json\/wp\/v2\/media\/6192"}],"wp:attachment":[{"href":"https:\/\/cartagenaaldia.com\/index.php\/wp-json\/wp\/v2\/media?parent=6191"}],"wp:term":[{"taxonomy":"category","embeddable":true,"href":"https:\/\/cartagenaaldia.com\/index.php\/wp-json\/wp\/v2\/categories?post=6191"},{"taxonomy":"post_tag","embeddable":true,"href":"https:\/\/cartagenaaldia.com\/index.php\/wp-json\/wp\/v2\/tags?post=6191"}],"curies":[{"name":"wp","href":"https:\/\/api.w.org\/{rel}","templated":true}]}}