{"id":6114,"date":"2024-07-24T19:43:44","date_gmt":"2024-07-25T00:43:44","guid":{"rendered":"https:\/\/cartagenaaldia.com\/?p=6114"},"modified":"2024-07-24T20:36:36","modified_gmt":"2024-07-25T01:36:36","slug":"sera-posible-pensarse-un-acuerdo-de-paz-y-convivencia-entre-la-ciudadania-y-la-fuerza-publica","status":"publish","type":"post","link":"https:\/\/cartagenaaldia.com\/index.php\/2024\/07\/24\/sera-posible-pensarse-un-acuerdo-de-paz-y-convivencia-entre-la-ciudadania-y-la-fuerza-publica\/","title":{"rendered":"\u00bfSer\u00e1 posible pensarse un acuerdo de paz y convivencia entre la ciudadan\u00eda y la fuerza p\u00fablica?"},"content":{"rendered":"\n<p><strong>Al\u00ed Bant\u00fa Ashanti Comisionado y director del Colectivo Justicia racial <\/strong><\/p>\n\n\n\n<p>A la 1:00 de la ma\u00f1ana del 15 de julio de 2023 en la Isla de Bar\u00fa en Cartagena, dos polic\u00edas requisan a un joven venezolano Carlos Guti\u00e9rrez, al que se\u00f1alan de ser vendedor de drogas, le encuentran dos cigarrillos de marihuana, que \u00e9l se\u00f1ala son para su uso personal.<\/p>\n\n\n\n<p>Lo esposan, empujan y le llevan contra su voluntad. Aparece su jefe Joan Esteban Infante de 26 a\u00f1os, quien administra un bar local e intenta explicar la situaci\u00f3n, mientras reclama a los polic\u00edas su arbitrariedad, otras personas tambi\u00e9n protestan.<\/p>\n\n\n\n<p>Sin embargo, uno de los polic\u00edas desenfunda su arma, apunta contra Joan Esteban y le dispara en la ingle, minutos despu\u00e9s est\u00e1 muerto.<\/p>\n\n\n\n<p> Esta no es una simple \u201cversi\u00f3n de los hechos\u201d, es una descripci\u00f3n de lo ocurrido, que tambi\u00e9n fue grabada en video y que adem\u00e1s respaldan m\u00faltiples pruebas, testimonios e informes forenses.  El polic\u00eda Yorman L\u00f3pez Moreno decidi\u00f3 acogerse a un preacuerdo con la Fiscal\u00eda por el delito de \u201chomicidio agravado\u201d, que le permiti\u00f3 reducir la condena a la mitad, pasando de 400 (36 a\u00f1os, 4 meses) a 200 meses de prisi\u00f3n (16 a\u00f1os, 8 meses).<\/p>\n\n\n\n<p>El Juez sexto penal del Circuito de Cartagena, en su escrito de condena se\u00f1al\u00f3 el pasado 25 de junio de 2024, que el polic\u00eda \u201cobr\u00f3 de manera consciente y voluntaria, queriendo la conducta asumida y a sabiendas de su car\u00e1cter delictual o prohibido\u201d, se le imput\u00f3. <\/p>\n\n\n\n<p>La defensa de la v\u00edctima en este caso la liderada por el Colectivo Justicia Racial, manifest\u00f3 que \u2013_\u201cse trata de un delito de odio, que dejarse impune refuerza la idea del poder discrecional de la polic\u00eda de imponer la pena de muerte de manera selectiva\u201d_ Para Ali Bant\u00fa l\u00edder del Colectivo _\u201cNecesitamos encontrar otra manera de comunicarnos como pa\u00eds, llegar a acuerdos de paz y ciudadan\u00eda entre la fuerza p\u00fablica\u201d <\/p>\n\n\n\n<p><strong>SON MUCHAS LAS REFLEXIONES QUE, COMO SOCIEDAD, PROPORCIONA ESTA TRAGEDIA.<\/strong><\/p>\n\n\n\n<p>La permanente impunidad, y la presi\u00f3n social por \u201cseguridad\u201d que termina justificando cualquier arbitrariedad; la exigencia de altos oficiales de la polic\u00eda por resultados operativos p\u00edrricos hacia agentes de polic\u00eda agotados, explotados y precarizados, mientras el gran narcotr\u00e1fico alimenta con impunidad las clases pol\u00edticas y las \u00e9lites del pa\u00eds._ Obviamente, el abuso policial se enfatiza en los j\u00f3venes humildes, pobres, racializados y en este caso, migrantes. <\/p>\n\n\n\n<p>Tal vez en la misma playa de Bar\u00fa, o en las grandes ciudades del pa\u00eds, el porte de sustancias psicoactivas para uso personal, consagrado en la Sentencia de la Corte Constitucional C-221 desde 1994 como un derecho, habr\u00eda tenido un tratamiento distinto por parte de la polic\u00eda si la persona fuera blanca, de una clase social privilegiada o sin el estigma recurrente de ser un migrante venezolano. <\/p>\n\n\n\n<p>En otras circunstancias, como las que viven miles de j\u00f3venes en el pa\u00eds a diario, el acostumbrado abuso policial habr\u00eda terminado con el decomiso de la marihuana, un comparendo y en muchas ocasiones, una arbitraria retenci\u00f3n en los llamados \u201cCentros de Traslado por Protecci\u00f3n\u201d, un eufemismo que normaliza la detenci\u00f3n de j\u00f3venes usuarios de sustancias psicoactivas. <\/p>\n\n\n\n<p>Pero en este caso Joan Esteban Infante fue asesinado por increpar a la polic\u00eda, por cuestionar y rechazar un evidente abuso, por solidarizarse con su amigo y trabajador venezolano en un establecimiento comercial donde estaban a esa hora trabajando atendiendo turistas nacionales y extranjeros. <\/p>\n\n\n\n<p>\u00a1Su \u00fanico \u201ccrimen\u201d fue oponerse a un abuso de autoridad y rechazar la violencia policial!<\/p>\n\n\n\n<figure class=\"wp-block-embed is-type-video is-provider-youtube wp-block-embed-youtube wp-embed-aspect-16-9 wp-has-aspect-ratio\"><div class=\"wp-block-embed__wrapper\">\n<iframe title=\"Cr\u00edmenes raciales y de odio de parte de la fuerza p\u00fablica deben parar\" width=\"500\" height=\"281\" src=\"https:\/\/www.youtube.com\/embed\/_2kUuZhIDhQ?feature=oembed\" frameborder=\"0\" allow=\"accelerometer; autoplay; clipboard-write; encrypted-media; gyroscope; picture-in-picture; web-share\" referrerpolicy=\"strict-origin-when-cross-origin\" allowfullscreen><\/iframe>\n<\/div><\/figure>\n","protected":false},"excerpt":{"rendered":"<p>Sin embargo, uno de los polic\u00edas desenfunda su arma, apunta contra Joan Esteban y le dispara en la ingle, minutos despu\u00e9s est\u00e1 muerto<\/p>\n","protected":false},"author":2,"featured_media":6116,"comment_status":"closed","ping_status":"closed","sticky":false,"template":"","format":"standard","meta":{"om_disable_all_campaigns":false,"_monsterinsights_skip_tracking":false,"_monsterinsights_sitenote_active":false,"_monsterinsights_sitenote_note":"","_monsterinsights_sitenote_category":0,"footnotes":""},"categories":[102,111],"tags":[464],"class_list":["post-6114","post","type-post","status-publish","format-standard","has-post-thumbnail","hentry","category-generales","category-justicia","tag-justicia-racial"],"_links":{"self":[{"href":"https:\/\/cartagenaaldia.com\/index.php\/wp-json\/wp\/v2\/posts\/6114","targetHints":{"allow":["GET"]}}],"collection":[{"href":"https:\/\/cartagenaaldia.com\/index.php\/wp-json\/wp\/v2\/posts"}],"about":[{"href":"https:\/\/cartagenaaldia.com\/index.php\/wp-json\/wp\/v2\/types\/post"}],"author":[{"embeddable":true,"href":"https:\/\/cartagenaaldia.com\/index.php\/wp-json\/wp\/v2\/users\/2"}],"replies":[{"embeddable":true,"href":"https:\/\/cartagenaaldia.com\/index.php\/wp-json\/wp\/v2\/comments?post=6114"}],"version-history":[{"count":3,"href":"https:\/\/cartagenaaldia.com\/index.php\/wp-json\/wp\/v2\/posts\/6114\/revisions"}],"predecessor-version":[{"id":6121,"href":"https:\/\/cartagenaaldia.com\/index.php\/wp-json\/wp\/v2\/posts\/6114\/revisions\/6121"}],"wp:featuredmedia":[{"embeddable":true,"href":"https:\/\/cartagenaaldia.com\/index.php\/wp-json\/wp\/v2\/media\/6116"}],"wp:attachment":[{"href":"https:\/\/cartagenaaldia.com\/index.php\/wp-json\/wp\/v2\/media?parent=6114"}],"wp:term":[{"taxonomy":"category","embeddable":true,"href":"https:\/\/cartagenaaldia.com\/index.php\/wp-json\/wp\/v2\/categories?post=6114"},{"taxonomy":"post_tag","embeddable":true,"href":"https:\/\/cartagenaaldia.com\/index.php\/wp-json\/wp\/v2\/tags?post=6114"}],"curies":[{"name":"wp","href":"https:\/\/api.w.org\/{rel}","templated":true}]}}