{"id":5875,"date":"2024-06-11T09:03:02","date_gmt":"2024-06-11T14:03:02","guid":{"rendered":"https:\/\/cartagenaaldia.com\/?p=5875"},"modified":"2024-06-11T09:03:03","modified_gmt":"2024-06-11T14:03:03","slug":"fitch-ratings-afirma-calificacion-de-surtigas","status":"publish","type":"post","link":"https:\/\/cartagenaaldia.com\/index.php\/2024\/06\/11\/fitch-ratings-afirma-calificacion-de-surtigas\/","title":{"rendered":"Fitch Ratings afirma calificaci\u00f3n de Surtigas"},"content":{"rendered":"\n<p>Fitch Ratings afirm\u00f3 las calificaciones nacionales de largo y corto plazo de Surtigas en \u2018AAA(col)\u2019 y \u2018F1+(col)\u2019, respectivamente. La Perspectiva de la calificaci\u00f3n de largo plazo es estable. Al mismo tiempo, afirm\u00f3 en \u2018AAA(col)\u2019 las calificaciones de la emisi\u00f3n de bonos ordinarios 2012 por 200.000 millones y de los bonos ordinarios 2024 por 330.000 millones.<\/p>\n\n\n\n<p><strong>La decisi\u00f3n de afirmar las calificaciones de Surtigas considera aspectos como:<\/strong><\/p>\n\n\n\n<p>\u2022 Generaci\u00f3n operativa estable, la estabilidad proyectada en el EBITDA de Surtigas para 2024 que se basa en la exposici\u00f3n moderada a riesgos de demanda en la distribuci\u00f3n de gas y la adopci\u00f3n de tarifas de distribuci\u00f3n definitivas desde marzo de 2023.\u00a0<\/p>\n\n\n\n<p>\u2022 La proyecci\u00f3n de crecimiento en las colocaciones del negocio de financiaci\u00f3n no bancaria &#8211; Brilla, que complementa la actividad principal de distribuci\u00f3n de gas<\/p>\n\n\n\n<p>\u2022 Perfil de Negocio Robusto, favorecida por la naturaleza regulada que brinda firmeza a sus ingresos y demanda estable. La compa\u00f1\u00eda dispone de tarifas reguladas que reconocen sus costos operativos y posibilitan la transferencia de los costos de suministro y transporte del gas que respaldan la solidez y previsibilidad del flujo de caja operativo \u2013 FCO-.<\/p>\n\n\n\n<p>\u2022 Fitch otorga la calificaci\u00f3n a Surtigas de forma individual, ya que su perfil crediticio se asemeja al de su matriz Promigas \u2018AAA(col)\u2019 Perspectiva Estable. De acuerdo con la \u201cMetodolog\u00eda de V\u00ednculo de Calificaci\u00f3n entre Matriz y Subsidiaria\u201d.<\/p>\n\n\n\n<p>\u201cNos complace mucho recibir esta calificaci\u00f3n por parte de Fitch Ratings, en ella se refleja el firme compromiso de nuestro equipo humano y el apoyo constante por parte de nuestra matriz Promigas\u201d. Manifest\u00f3 Santiago Mej\u00eda, Gerente General de Surtigas.<\/p>\n","protected":false},"excerpt":{"rendered":"<p>Como estable en \u2018AAA(col)\u2019 y \u2018F1+(col)\u2019, respectivamente es la Perspectiva de calificaci\u00f3n de largo plazo de Surtigas por Fitch Ratings<\/p>\n","protected":false},"author":2,"featured_media":5876,"comment_status":"closed","ping_status":"closed","sticky":false,"template":"","format":"standard","meta":{"om_disable_all_campaigns":false,"_monsterinsights_skip_tracking":false,"_monsterinsights_sitenote_active":false,"_monsterinsights_sitenote_note":"","_monsterinsights_sitenote_category":0,"footnotes":""},"categories":[110,115,103,102],"tags":[131],"class_list":["post-5875","post","type-post","status-publish","format-standard","has-post-thumbnail","hentry","category-bolivar","category-colombia","category-economia","category-generales","tag-surtigas"],"_links":{"self":[{"href":"https:\/\/cartagenaaldia.com\/index.php\/wp-json\/wp\/v2\/posts\/5875","targetHints":{"allow":["GET"]}}],"collection":[{"href":"https:\/\/cartagenaaldia.com\/index.php\/wp-json\/wp\/v2\/posts"}],"about":[{"href":"https:\/\/cartagenaaldia.com\/index.php\/wp-json\/wp\/v2\/types\/post"}],"author":[{"embeddable":true,"href":"https:\/\/cartagenaaldia.com\/index.php\/wp-json\/wp\/v2\/users\/2"}],"replies":[{"embeddable":true,"href":"https:\/\/cartagenaaldia.com\/index.php\/wp-json\/wp\/v2\/comments?post=5875"}],"version-history":[{"count":1,"href":"https:\/\/cartagenaaldia.com\/index.php\/wp-json\/wp\/v2\/posts\/5875\/revisions"}],"predecessor-version":[{"id":5877,"href":"https:\/\/cartagenaaldia.com\/index.php\/wp-json\/wp\/v2\/posts\/5875\/revisions\/5877"}],"wp:featuredmedia":[{"embeddable":true,"href":"https:\/\/cartagenaaldia.com\/index.php\/wp-json\/wp\/v2\/media\/5876"}],"wp:attachment":[{"href":"https:\/\/cartagenaaldia.com\/index.php\/wp-json\/wp\/v2\/media?parent=5875"}],"wp:term":[{"taxonomy":"category","embeddable":true,"href":"https:\/\/cartagenaaldia.com\/index.php\/wp-json\/wp\/v2\/categories?post=5875"},{"taxonomy":"post_tag","embeddable":true,"href":"https:\/\/cartagenaaldia.com\/index.php\/wp-json\/wp\/v2\/tags?post=5875"}],"curies":[{"name":"wp","href":"https:\/\/api.w.org\/{rel}","templated":true}]}}