{"id":5843,"date":"2024-05-26T10:47:50","date_gmt":"2024-05-26T15:47:50","guid":{"rendered":"https:\/\/cartagenaaldia.com\/?p=5843"},"modified":"2024-05-26T10:54:42","modified_gmt":"2024-05-26T15:54:42","slug":"inauguracion-de-las-luces-en-el-estadio-jaime-moron-leon","status":"publish","type":"post","link":"https:\/\/cartagenaaldia.com\/index.php\/2024\/05\/26\/inauguracion-de-las-luces-en-el-estadio-jaime-moron-leon\/","title":{"rendered":"Inauguraci\u00f3n de las Luces en el estadio Jaime Mor\u00f3n Le\u00f3n"},"content":{"rendered":"\n<p>As\u00ed fue la gran inauguraci\u00f3n de la modernizaci\u00f3n integral de luces del Estadio Jaime Mor\u00f3n \ud83c\udfdf\ufe0f<\/p>\n\n\n\n<p>Con un gran esfuerzo de la Gobernaci\u00f3n de Bol\u00edvar a trav\u00e9s de Iderbol, para entregarle a Cartagena un Estadio a la altura de los mejores escenarios del pa\u00eds<\/p>\n\n\n\n<figure class=\"wp-block-embed is-type-video is-provider-youtube wp-block-embed-youtube wp-embed-aspect-16-9 wp-has-aspect-ratio\"><div class=\"wp-block-embed__wrapper\">\n<iframe title=\"Inauguraci\u00f3n de luces del estadio Jaime Mor\u00f3n Le\u00f3n\" width=\"500\" height=\"281\" src=\"https:\/\/www.youtube.com\/embed\/smQ0wOiA2Dk?feature=oembed\" frameborder=\"0\" allow=\"accelerometer; autoplay; clipboard-write; encrypted-media; gyroscope; picture-in-picture; web-share\" referrerpolicy=\"strict-origin-when-cross-origin\" allowfullscreen><\/iframe>\n<\/div><\/figure>\n\n\n\n<p><\/p>\n","protected":false},"excerpt":{"rendered":"<p>Estadio Jaime Mor\u00f3n cuenta con modernas luces gracias a la Gobernaci\u00f3n de Bol\u00edvar e Iderbol<\/p>\n","protected":false},"author":2,"featured_media":5844,"comment_status":"closed","ping_status":"closed","sticky":false,"template":"","format":"standard","meta":{"om_disable_all_campaigns":false,"_monsterinsights_skip_tracking":false,"_monsterinsights_sitenote_active":false,"_monsterinsights_sitenote_note":"","_monsterinsights_sitenote_category":0,"footnotes":""},"categories":[106,102],"tags":[259,136],"class_list":["post-5843","post","type-post","status-publish","format-standard","has-post-thumbnail","hentry","category-deporte","category-generales","tag-gobernacion-de-bolivar","tag-iderbol"],"_links":{"self":[{"href":"https:\/\/cartagenaaldia.com\/index.php\/wp-json\/wp\/v2\/posts\/5843","targetHints":{"allow":["GET"]}}],"collection":[{"href":"https:\/\/cartagenaaldia.com\/index.php\/wp-json\/wp\/v2\/posts"}],"about":[{"href":"https:\/\/cartagenaaldia.com\/index.php\/wp-json\/wp\/v2\/types\/post"}],"author":[{"embeddable":true,"href":"https:\/\/cartagenaaldia.com\/index.php\/wp-json\/wp\/v2\/users\/2"}],"replies":[{"embeddable":true,"href":"https:\/\/cartagenaaldia.com\/index.php\/wp-json\/wp\/v2\/comments?post=5843"}],"version-history":[{"count":2,"href":"https:\/\/cartagenaaldia.com\/index.php\/wp-json\/wp\/v2\/posts\/5843\/revisions"}],"predecessor-version":[{"id":5847,"href":"https:\/\/cartagenaaldia.com\/index.php\/wp-json\/wp\/v2\/posts\/5843\/revisions\/5847"}],"wp:featuredmedia":[{"embeddable":true,"href":"https:\/\/cartagenaaldia.com\/index.php\/wp-json\/wp\/v2\/media\/5844"}],"wp:attachment":[{"href":"https:\/\/cartagenaaldia.com\/index.php\/wp-json\/wp\/v2\/media?parent=5843"}],"wp:term":[{"taxonomy":"category","embeddable":true,"href":"https:\/\/cartagenaaldia.com\/index.php\/wp-json\/wp\/v2\/categories?post=5843"},{"taxonomy":"post_tag","embeddable":true,"href":"https:\/\/cartagenaaldia.com\/index.php\/wp-json\/wp\/v2\/tags?post=5843"}],"curies":[{"name":"wp","href":"https:\/\/api.w.org\/{rel}","templated":true}]}}