{"id":5820,"date":"2024-05-22T15:26:20","date_gmt":"2024-05-22T20:26:20","guid":{"rendered":"https:\/\/cartagenaaldia.com\/?p=5820"},"modified":"2024-05-22T15:26:22","modified_gmt":"2024-05-22T20:26:22","slug":"aguas-de-cartagena-inicia-reparaciones-de-tuberia-averiada","status":"publish","type":"post","link":"https:\/\/cartagenaaldia.com\/index.php\/2024\/05\/22\/aguas-de-cartagena-inicia-reparaciones-de-tuberia-averiada\/","title":{"rendered":"Aguas de Cartagena inicia reparaciones de tuber\u00eda averiada"},"content":{"rendered":"\n<p><strong>Sala Redacci\u00f3n. &#8211;<\/strong> Aguas de Cartagena direcciona sus esfuerzos t\u00e9cnicos y operativos para realizar la primera intervenci\u00f3n de un tramo de la tuber\u00eda de acueducto que result\u00f3 averiada por la zapata de una vivienda que se construy\u00f3 sobre un tramo de la red en la manzana 13 del barrio Altos del Campestre.<\/p>\n\n\n\n<p>Esta reparaci\u00f3n se extender\u00e1 durante el resto del d\u00eda y la madrugada de ma\u00f1ana, debido a que Acuacar prioritariamente busca garantizar la seguridad del personal que atiende la emergencia. Para ello, se asegura la estabilidad del terreno mediante drenajes, evitando la humedad causada por las lluvias, y se instala el entibado necesario para mantener la firmeza de la estructura de la vivienda construida sobre el tubo.<\/p>\n\n\n\n<p>Inicialmente la Empresa realizar\u00e1 una intervenci\u00f3n de emergencia para restablecer lo m\u00e1s pronto posible el suministro de agua potable, preferiblemente ma\u00f1ana 23 de mayo de 2024.Posteriormente, la empresa con el apoyo del Distrito ejecutar\u00e1n un plan de intervenci\u00f3n para liberar las invasiones del espacio p\u00fablico, ubicadas en el trazado de las l\u00edneas de conducci\u00f3n de agua que est\u00e1n ocasionado da\u00f1os recurrentes y ponen en riesgo la vida de las personas.<\/p>\n\n\n\n<p>La red impactada es una de las dos l\u00edneas de conducci\u00f3n de agua cruda, de mil mil\u00edmetros de di\u00e1metro, que transporta el l\u00edquido desde la Estaci\u00f3n de Bombeo Albornoz a la Planta de Tratamiento El Bosque.<\/p>\n\n\n\n<p>Actualmente permanecen sin el servicio de agua alrededor de 180 barrios en la ciudad.<\/p>\n\n\n\n<p>Entre tanto, Acuacar en coordinaci\u00f3n con el Distrito, a trav\u00e9s de la Secretar\u00eda General y la Oficina de Gesti\u00f3n del Riesgo articulan la atenci\u00f3n prioritaria para llevar carrotanques a los centros de atenci\u00f3n hospitalaria, planteles educativos, c\u00e1rceles y las comunidades que as\u00ed lo requieran. Hasta el momento la compa\u00f1\u00eda ha enviado 18 carrotanques, que equivalen a un volumen de agua entregada superior a los 230 m3.<\/p>\n","protected":false},"excerpt":{"rendered":"<p>Despu\u00e9s asegurar el terreno y la vivienda construida, una parte, sobre el tubo realizar\u00e1 labores de urgencia para realizar la reparaci\u00f3n del tubo que afecta el 60% de la Poblaci\u00f3n de Cartagena de Indias<\/p>\n","protected":false},"author":2,"featured_media":5821,"comment_status":"closed","ping_status":"closed","sticky":false,"template":"","format":"standard","meta":{"om_disable_all_campaigns":false,"_monsterinsights_skip_tracking":false,"_monsterinsights_sitenote_active":false,"_monsterinsights_sitenote_note":"","_monsterinsights_sitenote_category":0,"footnotes":""},"categories":[110,102],"tags":[247,248],"class_list":["post-5820","post","type-post","status-publish","format-standard","has-post-thumbnail","hentry","category-bolivar","category-generales","tag-acuacar","tag-aguas-de-cartagena"],"_links":{"self":[{"href":"https:\/\/cartagenaaldia.com\/index.php\/wp-json\/wp\/v2\/posts\/5820","targetHints":{"allow":["GET"]}}],"collection":[{"href":"https:\/\/cartagenaaldia.com\/index.php\/wp-json\/wp\/v2\/posts"}],"about":[{"href":"https:\/\/cartagenaaldia.com\/index.php\/wp-json\/wp\/v2\/types\/post"}],"author":[{"embeddable":true,"href":"https:\/\/cartagenaaldia.com\/index.php\/wp-json\/wp\/v2\/users\/2"}],"replies":[{"embeddable":true,"href":"https:\/\/cartagenaaldia.com\/index.php\/wp-json\/wp\/v2\/comments?post=5820"}],"version-history":[{"count":1,"href":"https:\/\/cartagenaaldia.com\/index.php\/wp-json\/wp\/v2\/posts\/5820\/revisions"}],"predecessor-version":[{"id":5822,"href":"https:\/\/cartagenaaldia.com\/index.php\/wp-json\/wp\/v2\/posts\/5820\/revisions\/5822"}],"wp:featuredmedia":[{"embeddable":true,"href":"https:\/\/cartagenaaldia.com\/index.php\/wp-json\/wp\/v2\/media\/5821"}],"wp:attachment":[{"href":"https:\/\/cartagenaaldia.com\/index.php\/wp-json\/wp\/v2\/media?parent=5820"}],"wp:term":[{"taxonomy":"category","embeddable":true,"href":"https:\/\/cartagenaaldia.com\/index.php\/wp-json\/wp\/v2\/categories?post=5820"},{"taxonomy":"post_tag","embeddable":true,"href":"https:\/\/cartagenaaldia.com\/index.php\/wp-json\/wp\/v2\/tags?post=5820"}],"curies":[{"name":"wp","href":"https:\/\/api.w.org\/{rel}","templated":true}]}}