{"id":5747,"date":"2024-05-14T13:15:07","date_gmt":"2024-05-14T18:15:07","guid":{"rendered":"https:\/\/cartagenaaldia.com\/?p=5747"},"modified":"2024-05-14T13:52:39","modified_gmt":"2024-05-14T18:52:39","slug":"surtigas-respalda-siembra-de-arboles-en-malagana","status":"publish","type":"post","link":"https:\/\/cartagenaaldia.com\/index.php\/2024\/05\/14\/surtigas-respalda-siembra-de-arboles-en-malagana\/","title":{"rendered":"Surtigas Respalda Siembra de \u00c1rboles en Malagana"},"content":{"rendered":"\n<p><strong>Sala Redacci\u00f3n. &#8211;<\/strong> El voluntariado Surtigas en compa\u00f1\u00eda con la Corporaci\u00f3n Aut\u00f3noma Regional del Dique (Cardique) y el Batall\u00f3n de Infanter\u00eda de Marina, lideraron la iniciativa de la siembra de 100 \u00e1rboles frutales y maderables en las instalaciones de la Infanter\u00eda de Marina en Malagana. &nbsp;<\/p>\n\n\n\n<p>La jornada cont\u00f3 con la participaci\u00f3n de 21 voluntario\/as de Surtigas, quienes demostraron su compromiso con el cuidado del medio ambiente. &nbsp;<\/p>\n\n\n\n<p>Susana Glaser, directora de Talento Humano de Surtigas, afirm\u00f3 que, \u201cDesde Surtigas quisimos aportar a la conmemoraci\u00f3n del D\u00eda del \u00c1rbol, con siembras que contribuyen a nuestro objetivo de descarbonizaci\u00f3n y as\u00ed mismo seguir fortaleciendo los valores de ser buenas personas y ciudadanos solidarios\u201d.&nbsp;<\/p>\n\n\n\n<p>Por su parte, Ledys Ayola, auxiliar de Cardique, agreg\u00f3 que, \u201cDesde Cardique apoyamos la recuperaci\u00f3n de espacios degradados, que permitan el incremento y recuperaci\u00f3n de especies nativas de fauna y flora de nuestros ecosistemas\u201d.&nbsp;<\/p>\n\n\n\n<p>Esta&nbsp;iniciativa es un ejemplo del compromiso de Surtigas con la protecci\u00f3n del medio ambiente y la sostenibilidad, continuando con su labor de crear espacios sanos y de impacto positivo en las comunidades donde opera.<\/p>\n\n\n\n<figure class=\"wp-block-embed is-type-video is-provider-youtube wp-block-embed-youtube wp-embed-aspect-16-9 wp-has-aspect-ratio\"><div class=\"wp-block-embed__wrapper\">\n<iframe title=\"Surtigas Respalda Siembra de \u00c1rboles en Malagana\" width=\"500\" height=\"281\" src=\"https:\/\/www.youtube.com\/embed\/9AQVJoCRV-A?feature=oembed\" frameborder=\"0\" allow=\"accelerometer; autoplay; clipboard-write; encrypted-media; gyroscope; picture-in-picture; web-share\" referrerpolicy=\"strict-origin-when-cross-origin\" allowfullscreen><\/iframe>\n<\/div><\/figure>\n\n\n\n<p><a href=\"https:\/\/www.facebook.com\/reel\/1183629649430446\" target=\"_blank\" rel=\"noreferrer noopener\">https:\/\/www.facebook.com\/reel\/1183629649430446<\/a><\/p>\n","protected":false},"excerpt":{"rendered":"<p>Unidos por el medio ambiente: Surtigas, Cardique, y el Batall\u00f3n N\u00b013 de Infanter\u00eda de Marina siembran m\u00e1s de 100 \u00e1rboles en Malagana<\/p>\n","protected":false},"author":2,"featured_media":5748,"comment_status":"closed","ping_status":"closed","sticky":false,"template":"","format":"standard","meta":{"om_disable_all_campaigns":false,"_monsterinsights_skip_tracking":false,"_monsterinsights_sitenote_active":false,"_monsterinsights_sitenote_note":"","_monsterinsights_sitenote_category":0,"footnotes":""},"categories":[110,102],"tags":[134,131],"class_list":["post-5747","post","type-post","status-publish","format-standard","has-post-thumbnail","hentry","category-bolivar","category-generales","tag-cardique","tag-surtigas"],"_links":{"self":[{"href":"https:\/\/cartagenaaldia.com\/index.php\/wp-json\/wp\/v2\/posts\/5747","targetHints":{"allow":["GET"]}}],"collection":[{"href":"https:\/\/cartagenaaldia.com\/index.php\/wp-json\/wp\/v2\/posts"}],"about":[{"href":"https:\/\/cartagenaaldia.com\/index.php\/wp-json\/wp\/v2\/types\/post"}],"author":[{"embeddable":true,"href":"https:\/\/cartagenaaldia.com\/index.php\/wp-json\/wp\/v2\/users\/2"}],"replies":[{"embeddable":true,"href":"https:\/\/cartagenaaldia.com\/index.php\/wp-json\/wp\/v2\/comments?post=5747"}],"version-history":[{"count":3,"href":"https:\/\/cartagenaaldia.com\/index.php\/wp-json\/wp\/v2\/posts\/5747\/revisions"}],"predecessor-version":[{"id":5752,"href":"https:\/\/cartagenaaldia.com\/index.php\/wp-json\/wp\/v2\/posts\/5747\/revisions\/5752"}],"wp:featuredmedia":[{"embeddable":true,"href":"https:\/\/cartagenaaldia.com\/index.php\/wp-json\/wp\/v2\/media\/5748"}],"wp:attachment":[{"href":"https:\/\/cartagenaaldia.com\/index.php\/wp-json\/wp\/v2\/media?parent=5747"}],"wp:term":[{"taxonomy":"category","embeddable":true,"href":"https:\/\/cartagenaaldia.com\/index.php\/wp-json\/wp\/v2\/categories?post=5747"},{"taxonomy":"post_tag","embeddable":true,"href":"https:\/\/cartagenaaldia.com\/index.php\/wp-json\/wp\/v2\/tags?post=5747"}],"curies":[{"name":"wp","href":"https:\/\/api.w.org\/{rel}","templated":true}]}}