{"id":5713,"date":"2024-04-29T20:54:35","date_gmt":"2024-04-30T01:54:35","guid":{"rendered":"https:\/\/cartagenaaldia.com\/?p=5713"},"modified":"2024-04-29T20:54:36","modified_gmt":"2024-04-30T01:54:36","slug":"efecto-economico-del-festival-internacional-de-cine-de-cartagena-ficci-2024","status":"publish","type":"post","link":"https:\/\/cartagenaaldia.com\/index.php\/2024\/04\/29\/efecto-economico-del-festival-internacional-de-cine-de-cartagena-ficci-2024\/","title":{"rendered":"Efecto econ\u00f3mico del Festival Internacional de Cine de Cartagena (FICCI) 2024"},"content":{"rendered":"\n<p>Sala Redacci\u00f3n. &#8211; El pasado 21 de abril de 2024 finaliz\u00f3 el Festival Internacional de Cine de Cartagena (FICCI) que durante 7 dias tuvo un impacto positivo sobre la econom\u00eda del &#8220;Corralito de Piedra&#8221;, as\u00ed lo demuestran los datos del departamento de investigaciones de la C\u00e1mara de Comercio de Cartagena que realiz\u00f3 encuestas sobre la composici\u00f3n demogr\u00e1fica de los asistentes y su impacto en la econom\u00eda local.<\/p>\n\n\n\n<p>Por ejemplo, el 76,18% de los asistentes se hosped\u00f3 en un hotel, hostal u casa o apartamento arrendado, con un gasto promedio por persona de m\u00e1s de $2 millones durante su estad\u00eda y adicionalmente gastaron un promedio diario por persona e $291.216.<\/p>\n\n\n\n<p>Los datos tambi\u00e9n revelan, que el 83% de los asistentes no eran residentes en la ciudad; la mayor\u00eda ven\u00eda de otros lugares del pa\u00eds como Bogot\u00e1 (20,38%), Medell\u00edn (20%), Barranquilla (20%) y Cali (9,06%); mientras los espectadores internacionales (36% de los asistentes), proven\u00edan en mayor medida de Estados Unidos, M\u00e9xico y Espa\u00f1a.\u00a0<\/p>\n\n\n\n<p>Stefannia Garc\u00eda, jefe del departamento de investigaciones de la C\u00e1mara de Comercio de Cartagena aclar\u00f3 que \u201cpr\u00f3ximamente se revelar\u00e1n en t\u00e9rminos monetarios el impacto econ\u00f3mico del FICCI, que sumado a otros eventos como el Hay Festival y el bando de la independencia que ya se estimaron durante 2023, dan cuenta que el movimiento econ\u00f3mico en conjunto de estos eventos representa una buena parte del Producto Interno Bruto (PIB) departamental y por tanto su promoci\u00f3n y continuidad debe ser tarea de todos\u201d.\u00a0<\/p>\n\n\n\n<p>Se demuestra estadisticamemte los festivales son m\u00e1s que eventos culturales; son motores econ\u00f3micos que impulsan el desarrollo local y fomentan la diversificaci\u00f3n de la oferta tur\u00edstica.<\/p>\n","protected":false},"excerpt":{"rendered":"<p>Los festivales son m\u00e1s que eventos culturales; son motores econ\u00f3micos que impulsan el desarrollo local y fomentan la diversificaci\u00f3n de la oferta tur\u00edstica. <\/p>\n","protected":false},"author":2,"featured_media":5714,"comment_status":"closed","ping_status":"closed","sticky":false,"template":"","format":"standard","meta":{"om_disable_all_campaigns":false,"_monsterinsights_skip_tracking":false,"_monsterinsights_sitenote_active":false,"_monsterinsights_sitenote_note":"","_monsterinsights_sitenote_category":0,"footnotes":""},"categories":[110,115,107,103,102,104],"tags":[120,163,121,409],"class_list":["post-5713","post","type-post","status-publish","format-standard","has-post-thumbnail","hentry","category-bolivar","category-colombia","category-cultura","category-economia","category-generales","category-turismo","tag-camara-comercio-cartagena","tag-camcamara","tag-camcartagena","tag-ficci"],"_links":{"self":[{"href":"https:\/\/cartagenaaldia.com\/index.php\/wp-json\/wp\/v2\/posts\/5713","targetHints":{"allow":["GET"]}}],"collection":[{"href":"https:\/\/cartagenaaldia.com\/index.php\/wp-json\/wp\/v2\/posts"}],"about":[{"href":"https:\/\/cartagenaaldia.com\/index.php\/wp-json\/wp\/v2\/types\/post"}],"author":[{"embeddable":true,"href":"https:\/\/cartagenaaldia.com\/index.php\/wp-json\/wp\/v2\/users\/2"}],"replies":[{"embeddable":true,"href":"https:\/\/cartagenaaldia.com\/index.php\/wp-json\/wp\/v2\/comments?post=5713"}],"version-history":[{"count":1,"href":"https:\/\/cartagenaaldia.com\/index.php\/wp-json\/wp\/v2\/posts\/5713\/revisions"}],"predecessor-version":[{"id":5715,"href":"https:\/\/cartagenaaldia.com\/index.php\/wp-json\/wp\/v2\/posts\/5713\/revisions\/5715"}],"wp:featuredmedia":[{"embeddable":true,"href":"https:\/\/cartagenaaldia.com\/index.php\/wp-json\/wp\/v2\/media\/5714"}],"wp:attachment":[{"href":"https:\/\/cartagenaaldia.com\/index.php\/wp-json\/wp\/v2\/media?parent=5713"}],"wp:term":[{"taxonomy":"category","embeddable":true,"href":"https:\/\/cartagenaaldia.com\/index.php\/wp-json\/wp\/v2\/categories?post=5713"},{"taxonomy":"post_tag","embeddable":true,"href":"https:\/\/cartagenaaldia.com\/index.php\/wp-json\/wp\/v2\/tags?post=5713"}],"curies":[{"name":"wp","href":"https:\/\/api.w.org\/{rel}","templated":true}]}}