{"id":5710,"date":"2024-04-28T14:39:22","date_gmt":"2024-04-28T19:39:22","guid":{"rendered":"https:\/\/cartagenaaldia.com\/?p=5710"},"modified":"2024-04-28T14:39:23","modified_gmt":"2024-04-28T19:39:23","slug":"dia-del-nino-en-clemencia-exito-rotundo","status":"publish","type":"post","link":"https:\/\/cartagenaaldia.com\/index.php\/2024\/04\/28\/dia-del-nino-en-clemencia-exito-rotundo\/","title":{"rendered":"D\u00eda del ni\u00f1o en Clemencia \u00e9xito Rotundo"},"content":{"rendered":"\n<p><strong>Sala Redacci\u00f3n. &#8211;<\/strong> &nbsp;El Mes de la Ni\u00f1ez en Clemencia se celebr\u00f3 de una forma monumental que dej\u00f3 una huella imborrable en la memoria de m\u00e1s de 6.000 ni\u00f1os, quienes se sumergieron en 30 d\u00edas colmados de diversi\u00f3n y alegr\u00eda gracias a las diversas actividades meticulosamente planificadas por la Alcald\u00eda en el marco de la #Ruta25. Desde cautivadoras jornadas en colegios hasta vibrantes encuentros en barrios y corregimientos, los peque\u00f1os participaron activamente en un abanico de eventos dise\u00f1ados para estimular su imaginaci\u00f3n y fomentar valores fundamentales.<\/p>\n\n\n\n<p>Bajo la direcci\u00f3n del alcalde Miguel Samir Barrios Coneo y la gestora social, Amalfy Coneo, un equipo interdisciplinario despleg\u00f3 una amplia gama de actividades l\u00fadicas y educativas, centradas en preservar las tradiciones culturales a trav\u00e9s de juegos ancestrales y, al mismo tiempo, explorando nuevas formas de cultivar la felicidad entre los ni\u00f1os.<\/p>\n\n\n\n<p>El cl\u00edmax del mes lleg\u00f3 el s\u00e1bado 27 de abril con el magno evento de clausura celebrado en la plaza principal, una jornada repleta de m\u00fasica, bailes, y un sinf\u00edn de actividades recreativas. Desde la distribuci\u00f3n de dulces y frutas hasta la realizaci\u00f3n de juegos tradicionales, pasando por impresionantes actuaciones de magia y divertidas lecturas, cada rinc\u00f3n de la plaza de Clemencia se convirti\u00f3 en un escenario de celebraci\u00f3n y regocijo.<\/p>\n\n\n\n<p>El esfuerzo mancomunado de la Alcald\u00eda Municipal, materializado en la #Ruta25, reflej\u00f3 un firme compromiso con la infancia, una demostraci\u00f3n palpable de que, en Clemencia, el bienestar y la felicidad de los ni\u00f1os son prioridad.<\/p>\n\n\n\n<p>El alcalde, Miguel Samir Barrios Coneo, agradeci\u00f3 al equipo de trabajo y a cada una de las dependencias involucradas por hacer realidad esta experiencia enriquecedora y memorable para los ni\u00f1os, ni\u00f1as y adolescentes de nuestra comunidad. \u201cQuienes participamos enos eventos nos sentimos otra vez ni\u00f1os\u201d, dijo.<\/p>\n\n\n\n<p>En el evento de ayer participaron m\u00e1s de 3.000 ni\u00f1os.<\/p>\n","protected":false},"excerpt":{"rendered":"<p>\u00c9xito rotundo: Clemencia celebra el Mes de la Ni\u00f1ez con 30 d\u00edas llenos de alegr\u00eda para m\u00e1s de 6.000 ni\u00f1os<\/p>\n","protected":false},"author":2,"featured_media":5711,"comment_status":"closed","ping_status":"closed","sticky":false,"template":"","format":"standard","meta":{"om_disable_all_campaigns":false,"_monsterinsights_skip_tracking":false,"_monsterinsights_sitenote_active":false,"_monsterinsights_sitenote_note":"","_monsterinsights_sitenote_category":0,"footnotes":""},"categories":[110,102],"tags":[408],"class_list":["post-5710","post","type-post","status-publish","format-standard","has-post-thumbnail","hentry","category-bolivar","category-generales","tag-alcaldia-clemencia"],"_links":{"self":[{"href":"https:\/\/cartagenaaldia.com\/index.php\/wp-json\/wp\/v2\/posts\/5710","targetHints":{"allow":["GET"]}}],"collection":[{"href":"https:\/\/cartagenaaldia.com\/index.php\/wp-json\/wp\/v2\/posts"}],"about":[{"href":"https:\/\/cartagenaaldia.com\/index.php\/wp-json\/wp\/v2\/types\/post"}],"author":[{"embeddable":true,"href":"https:\/\/cartagenaaldia.com\/index.php\/wp-json\/wp\/v2\/users\/2"}],"replies":[{"embeddable":true,"href":"https:\/\/cartagenaaldia.com\/index.php\/wp-json\/wp\/v2\/comments?post=5710"}],"version-history":[{"count":1,"href":"https:\/\/cartagenaaldia.com\/index.php\/wp-json\/wp\/v2\/posts\/5710\/revisions"}],"predecessor-version":[{"id":5712,"href":"https:\/\/cartagenaaldia.com\/index.php\/wp-json\/wp\/v2\/posts\/5710\/revisions\/5712"}],"wp:featuredmedia":[{"embeddable":true,"href":"https:\/\/cartagenaaldia.com\/index.php\/wp-json\/wp\/v2\/media\/5711"}],"wp:attachment":[{"href":"https:\/\/cartagenaaldia.com\/index.php\/wp-json\/wp\/v2\/media?parent=5710"}],"wp:term":[{"taxonomy":"category","embeddable":true,"href":"https:\/\/cartagenaaldia.com\/index.php\/wp-json\/wp\/v2\/categories?post=5710"},{"taxonomy":"post_tag","embeddable":true,"href":"https:\/\/cartagenaaldia.com\/index.php\/wp-json\/wp\/v2\/tags?post=5710"}],"curies":[{"name":"wp","href":"https:\/\/api.w.org\/{rel}","templated":true}]}}